{"id":5822,"date":"2026-04-27T17:46:32","date_gmt":"2026-04-27T20:46:32","guid":{"rendered":"https:\/\/latinaradio.cl\/?p=5822"},"modified":"2026-04-27T17:46:32","modified_gmt":"2026-04-27T20:46:32","slug":"zapallar-suspende-desfile-del-21-de-mayo-y-destinara-recursos-a-ayuda-social","status":"publish","type":"post","link":"https:\/\/latinaradio.cl\/index.php\/2026\/04\/27\/zapallar-suspende-desfile-del-21-de-mayo-y-destinara-recursos-a-ayuda-social\/","title":{"rendered":"Zapallar suspende desfile del 21 de mayo y destinar\u00e1 recursos a ayuda social"},"content":{"rendered":"<section class=\"text-token-text-primary w-full focus:outline-none [--shadow-height:45px] has-data-writing-block:pointer-events-none has-data-writing-block:-mt-(--shadow-height) has-data-writing-block:pt-(--shadow-height) [&amp;:has([data-writing-block])&gt;*]:pointer-events-auto [content-visibility:auto] supports-[content-visibility:auto]:[contain-intrinsic-size:auto_100lvh] R6Vx5W_threadScrollVars scroll-mb-[calc(var(--scroll-root-safe-area-inset-bottom,0px)+var(--thread-response-height))] scroll-mt-[calc(var(--header-height)+min(200px,max(70px,20svh)))]\" dir=\"auto\" data-turn-id=\"request-69c341f4-f1d0-83e9-be36-0797751e24a8-8\" data-testid=\"conversation-turn-518\" data-scroll-anchor=\"false\" data-turn=\"assistant\">\n<div class=\"text-base my-auto mx-auto pb-10 [--thread-content-margin:var(--thread-content-margin-xs,calc(var(--spacing)*4))] @w-sm\/main:[--thread-content-margin:var(--thread-content-margin-sm,calc(var(--spacing)*6))] @w-lg\/main:[--thread-content-margin:var(--thread-content-margin-lg,calc(var(--spacing)*16))] px-(--thread-content-margin)\">\n<div class=\"[--thread-content-max-width:40rem] @w-lg\/main:[--thread-content-max-width:48rem] mx-auto max-w-(--thread-content-max-width) flex-1 group\/turn-messages focus-visible:outline-hidden relative flex w-full min-w-0 flex-col agent-turn\">\n<div class=\"flex max-w-full flex-col gap-4 grow\">\n<div class=\"min-h-8 text-message relative flex w-full flex-col items-end gap-2 text-start break-words whitespace-normal outline-none keyboard-focused:focus-ring [.text-message+&amp;]:mt-1\" dir=\"auto\" tabindex=\"0\" data-message-author-role=\"assistant\" data-message-id=\"6366ade6-5c73-49bb-9922-cdccc2ce043d\" data-message-model-slug=\"gpt-5-3\" data-turn-start-message=\"true\">\n<div class=\"flex w-full flex-col gap-1 empty:hidden\">\n<div class=\"markdown prose dark:prose-invert w-full wrap-break-word dark markdown-new-styling\">\n<p data-start=\"82\" data-end=\"314\">La Municipalidad de <span class=\"hover:entity-accent entity-underline inline cursor-pointer align-baseline\"><span class=\"whitespace-normal\">Zapallar<\/span><\/span> anunci\u00f3 la suspensi\u00f3n del tradicional desfile del 21 de mayo para este a\u00f1o, con el objetivo de redirigir esos recursos a apoyo directo para familias vulnerables de la comuna.<\/p>\n<p data-start=\"316\" data-end=\"678\">El alcalde <span class=\"hover:entity-accent entity-underline inline cursor-pointer align-baseline\"><span class=\"whitespace-normal\">Gustavo Alessandri<\/span><\/span> explic\u00f3 que la medida busca priorizar las necesidades m\u00e1s urgentes de los vecinos. \u201cLos recursos que habitualmente se destinaban a la organizaci\u00f3n del desfile, incluyendo gastos de producci\u00f3n, traslados, alimentaci\u00f3n, horas extraordinarias y otros costos asociados, ser\u00e1n focalizados en ayudas concretas\u201d, se\u00f1al\u00f3.<\/p>\n<p data-start=\"680\" data-end=\"881\">Entre los apoyos que se implementar\u00e1n se encuentran vales de gas, cajas de mercader\u00eda y otros mecanismos de ayuda social directa, en un contexto donde muchas familias enfrentan dificultades econ\u00f3micas.<\/p>\n<p data-start=\"883\" data-end=\"1046\">La decisi\u00f3n marca un cambio en la forma de conmemorar esta fecha, privilegiando el bienestar de la comunidad por sobre la realizaci\u00f3n de actividades tradicionales.<\/p>\n<p data-start=\"1048\" data-end=\"1176\" data-is-last-node=\"\" data-is-only-node=\"\">En simple, el municipio opt\u00f3 por suspender el desfile para usar esos recursos en ayudas concretas para quienes m\u00e1s lo necesitan.<\/p>\n<\/div>\n<\/div>\n<\/div>\n<\/div>\n<div class=\"z-0 flex min-h-[46px] justify-start\"><\/div>\n<div class=\"mt-3 w-full empty:hidden\">\n<div class=\"text-center\"><\/div>\n<\/div>\n<\/div>\n<\/div>\n<\/section>\n<div class=\"pointer-events-none -mt-px h-px translate-y-[calc(var(--scroll-root-safe-area-inset-bottom)-14*var(--spacing))]\" aria-hidden=\"true\"><\/div>\n","protected":false},"excerpt":{"rendered":"<p>La Municipalidad de Zapallar anunci\u00f3 la suspensi\u00f3n del tradicional desfile del 21 de mayo para este a\u00f1o, con el objetivo de redirigir esos recursos a apoyo directo para familias vulnerables de la comuna. El alcalde Gustavo Alessandri explic\u00f3 que la medida busca priorizar las necesidades m\u00e1s urgentes de los vecinos. \u201cLos recursos que habitualmente se [&hellip;]<\/p>\n","protected":false},"author":2,"featured_media":5823,"comment_status":"closed","ping_status":"open","sticky":false,"template":"","format":"standard","meta":[],"categories":[4],"tags":[],"_links":{"self":[{"href":"https:\/\/latinaradio.cl\/index.php\/wp-json\/wp\/v2\/posts\/5822"}],"collection":[{"href":"https:\/\/latinaradio.cl\/index.php\/wp-json\/wp\/v2\/posts"}],"about":[{"href":"https:\/\/latinaradio.cl\/index.php\/wp-json\/wp\/v2\/types\/post"}],"author":[{"embeddable":true,"href":"https:\/\/latinaradio.cl\/index.php\/wp-json\/wp\/v2\/users\/2"}],"replies":[{"embeddable":true,"href":"https:\/\/latinaradio.cl\/index.php\/wp-json\/wp\/v2\/comments?post=5822"}],"version-history":[{"count":1,"href":"https:\/\/latinaradio.cl\/index.php\/wp-json\/wp\/v2\/posts\/5822\/revisions"}],"predecessor-version":[{"id":5824,"href":"https:\/\/latinaradio.cl\/index.php\/wp-json\/wp\/v2\/posts\/5822\/revisions\/5824"}],"wp:featuredmedia":[{"embeddable":true,"href":"https:\/\/latinaradio.cl\/index.php\/wp-json\/wp\/v2\/media\/5823"}],"wp:attachment":[{"href":"https:\/\/latinaradio.cl\/index.php\/wp-json\/wp\/v2\/media?parent=5822"}],"wp:term":[{"taxonomy":"category","embeddable":true,"href":"https:\/\/latinaradio.cl\/index.php\/wp-json\/wp\/v2\/categories?post=5822"},{"taxonomy":"post_tag","embeddable":true,"href":"https:\/\/latinaradio.cl\/index.php\/wp-json\/wp\/v2\/tags?post=5822"}],"curies":[{"name":"wp","href":"https:\/\/api.w.org\/{rel}","templated":true}]}}