{"id":5825,"date":"2026-04-27T21:52:37","date_gmt":"2026-04-28T00:52:37","guid":{"rendered":"https:\/\/latinaradio.cl\/?p=5825"},"modified":"2026-04-27T21:52:37","modified_gmt":"2026-04-28T00:52:37","slug":"investigacion-en-hungria-por-orban-files-podria-tener-alcance-internacional-y-salpicar-a-redes-ligadas-a-kast","status":"publish","type":"post","link":"https:\/\/latinaradio.cl\/index.php\/2026\/04\/27\/investigacion-en-hungria-por-orban-files-podria-tener-alcance-internacional-y-salpicar-a-redes-ligadas-a-kast\/","title":{"rendered":"Investigaci\u00f3n en Hungr\u00eda por \u201cOrb\u00e1n Files\u201d podr\u00eda tener alcance internacional y salpicar a redes ligadas a Kast"},"content":{"rendered":"<p data-start=\"117\" data-end=\"355\">El nuevo gobierno de <span class=\"hover:entity-accent entity-underline inline cursor-pointer align-baseline\"><span class=\"whitespace-normal\">Hungr\u00eda<\/span><\/span> ampli\u00f3 la investigaci\u00f3n conocida como \u201cOrb\u00e1n Files\u201d, un caso que busca esclarecer el presunto uso de recursos p\u00fablicos para financiar redes pol\u00edticas conservadoras a nivel global.<\/p>\n<p data-start=\"357\" data-end=\"773\">La indagatoria fue impulsada por el nuevo liderazgo pol\u00edtico tras la salida del ex primer ministro <span class=\"hover:entity-accent entity-underline inline cursor-pointer align-baseline\"><span class=\"whitespace-normal\">Viktor Orb\u00e1n<\/span><\/span>, quien gobern\u00f3 durante m\u00e1s de 16 a\u00f1os. Su sucesor, el primer ministro electo <span class=\"hover:entity-accent entity-underline inline cursor-pointer align-baseline\"><span class=\"whitespace-normal\">P\u00e9ter Magyar<\/span><\/span>, anunci\u00f3 que se revisar\u00e1 si fondos estatales fueron utilizados para apoyar actividades ideol\u00f3gicas y pol\u00edticas fuera del pa\u00eds.<\/p>\n<p data-start=\"775\" data-end=\"1126\">Uno de los focos principales est\u00e1 en organizaciones como <span class=\"hover:entity-accent entity-underline inline cursor-pointer align-baseline\"><span class=\"whitespace-normal\">Political Network for Values<\/span><\/span>, que fue presidida por <span class=\"hover:entity-accent entity-underline inline cursor-pointer align-baseline\"><span class=\"whitespace-normal\">Jos\u00e9 Antonio Kast<\/span><\/span> entre 2022 y 2024. Esta red forma parte de un entramado internacional que agrupa a l\u00edderes, fundaciones y centros de pensamiento ligados a la derecha global.<\/p>\n<h3 data-section-id=\"c3rt7g\" data-start=\"1128\" data-end=\"1162\">\u00bfQu\u00e9 se investiga exactamente?<\/h3>\n<p data-start=\"1163\" data-end=\"1281\">Las autoridades h\u00fangaras buscan determinar si recursos p\u00fablicos del gobierno de Orb\u00e1n fueron desviados para financiar:<\/p>\n<ul data-start=\"1282\" data-end=\"1550\">\n<li data-section-id=\"11jbqxr\" data-start=\"1282\" data-end=\"1368\">Eventos internacionales como la Conferencia de Acci\u00f3n Pol\u00edtica Conservadora (CPAC)<\/li>\n<li data-section-id=\"sjzx7w\" data-start=\"1369\" data-end=\"1434\">Plataformas ideol\u00f3gicas y redes de influencia pol\u00edtica global<\/li>\n<li data-section-id=\"eu7aru\" data-start=\"1435\" data-end=\"1550\">Actividades de organizaciones vinculadas a partidos y l\u00edderes extranjeros<\/li>\n<\/ul>\n<p data-start=\"1552\" data-end=\"1817\">Seg\u00fan declaraciones del propio Magyar, el uso de dinero estatal en este tipo de iniciativas podr\u00eda constituir un delito, ya que esos fondos no estaban destinados a financiar actividades partidarias o ideol\u00f3gicas fuera del pa\u00eds.<\/p>\n<h3 data-section-id=\"myyy7v\" data-start=\"1819\" data-end=\"1857\">V\u00ednculos pol\u00edticos y repercusiones<\/h3>\n<p data-start=\"1858\" data-end=\"2136\">El caso tambi\u00e9n pone bajo la lupa la cercan\u00eda entre Kast y el modelo pol\u00edtico impulsado por Orb\u00e1n. De hecho, el mandatario chileno lleg\u00f3 a calificar la experiencia h\u00fangara como una \u201cinspiraci\u00f3n\u201d en instancias internacionales como la CPAC.<\/p>\n<p data-start=\"2138\" data-end=\"2430\">En Chile, la situaci\u00f3n ya comenz\u00f3 a generar reacciones pol\u00edticas. Parlamentarios han pedido aclarar si existi\u00f3 alg\u00fan tipo de financiamiento, apoyo o influencia internacional en actividades vinculadas al entorno de Kast antes de asumir la presidencia.<\/p>\n<h3 data-section-id=\"v0nqqw\" data-start=\"2432\" data-end=\"2461\">Un caso que puede escalar<\/h3>\n<p data-start=\"2462\" data-end=\"2649\">La investigaci\u00f3n podr\u00eda transformarse en un caso de alcance internacional, ya que no solo involucra a Hungr\u00eda, sino a redes pol\u00edticas presentes en Europa, Am\u00e9rica Latina y otras regiones.<\/p>\n<p data-start=\"2651\" data-end=\"2899\">En simple, lo que se est\u00e1 investigando es si dinero p\u00fablico h\u00fangaro se utiliz\u00f3 para financiar una red pol\u00edtica global. Y como esa red incluye organizaciones donde particip\u00f3 Jos\u00e9 Antonio Kast, el caso ya tiene impacto directo en la pol\u00edtica chilena.<\/p>\n","protected":false},"excerpt":{"rendered":"<p>El nuevo gobierno de Hungr\u00eda ampli\u00f3 la investigaci\u00f3n conocida como \u201cOrb\u00e1n Files\u201d, un caso que busca esclarecer el presunto uso de recursos p\u00fablicos para financiar redes pol\u00edticas conservadoras a nivel global. La indagatoria fue impulsada por el nuevo liderazgo pol\u00edtico tras la salida del ex primer ministro Viktor Orb\u00e1n, quien gobern\u00f3 durante m\u00e1s de 16 [&hellip;]<\/p>\n","protected":false},"author":2,"featured_media":5826,"comment_status":"closed","ping_status":"open","sticky":false,"template":"","format":"standard","meta":[],"categories":[1,3],"tags":[],"_links":{"self":[{"href":"https:\/\/latinaradio.cl\/index.php\/wp-json\/wp\/v2\/posts\/5825"}],"collection":[{"href":"https:\/\/latinaradio.cl\/index.php\/wp-json\/wp\/v2\/posts"}],"about":[{"href":"https:\/\/latinaradio.cl\/index.php\/wp-json\/wp\/v2\/types\/post"}],"author":[{"embeddable":true,"href":"https:\/\/latinaradio.cl\/index.php\/wp-json\/wp\/v2\/users\/2"}],"replies":[{"embeddable":true,"href":"https:\/\/latinaradio.cl\/index.php\/wp-json\/wp\/v2\/comments?post=5825"}],"version-history":[{"count":1,"href":"https:\/\/latinaradio.cl\/index.php\/wp-json\/wp\/v2\/posts\/5825\/revisions"}],"predecessor-version":[{"id":5827,"href":"https:\/\/latinaradio.cl\/index.php\/wp-json\/wp\/v2\/posts\/5825\/revisions\/5827"}],"wp:featuredmedia":[{"embeddable":true,"href":"https:\/\/latinaradio.cl\/index.php\/wp-json\/wp\/v2\/media\/5826"}],"wp:attachment":[{"href":"https:\/\/latinaradio.cl\/index.php\/wp-json\/wp\/v2\/media?parent=5825"}],"wp:term":[{"taxonomy":"category","embeddable":true,"href":"https:\/\/latinaradio.cl\/index.php\/wp-json\/wp\/v2\/categories?post=5825"},{"taxonomy":"post_tag","embeddable":true,"href":"https:\/\/latinaradio.cl\/index.php\/wp-json\/wp\/v2\/tags?post=5825"}],"curies":[{"name":"wp","href":"https:\/\/api.w.org\/{rel}","templated":true}]}}