{"id":5828,"date":"2026-04-27T23:04:30","date_gmt":"2026-04-28T02:04:30","guid":{"rendered":"https:\/\/latinaradio.cl\/?p=5828"},"modified":"2026-04-27T23:04:30","modified_gmt":"2026-04-28T02:04:30","slug":"efe-refuerza-servicio-de-trenes-por-paro-de-micros-en-la-region","status":"publish","type":"post","link":"https:\/\/latinaradio.cl\/index.php\/2026\/04\/27\/efe-refuerza-servicio-de-trenes-por-paro-de-micros-en-la-region\/","title":{"rendered":"EFE refuerza servicio de trenes por paro de micros en la regi\u00f3n"},"content":{"rendered":"<section class=\"text-token-text-primary w-full focus:outline-none [--shadow-height:45px] has-data-writing-block:pointer-events-none has-data-writing-block:-mt-(--shadow-height) has-data-writing-block:pt-(--shadow-height) [&amp;:has([data-writing-block])&gt;*]:pointer-events-auto R6Vx5W_threadScrollVars scroll-mb-[calc(var(--scroll-root-safe-area-inset-bottom,0px)+var(--thread-response-height))] scroll-mt-(--header-height)\" dir=\"auto\" data-turn-id=\"7f13e7d8-1a2c-460e-8179-49e56f316b73\" data-testid=\"conversation-turn-523\" data-scroll-anchor=\"false\" data-turn=\"user\"><\/section>\n<section class=\"text-token-text-primary w-full focus:outline-none [--shadow-height:45px] has-data-writing-block:pointer-events-none has-data-writing-block:-mt-(--shadow-height) has-data-writing-block:pt-(--shadow-height) [&amp;:has([data-writing-block])&gt;*]:pointer-events-auto [content-visibility:auto] supports-[content-visibility:auto]:[contain-intrinsic-size:auto_100lvh] R6Vx5W_threadScrollVars scroll-mb-[calc(var(--scroll-root-safe-area-inset-bottom,0px)+var(--thread-response-height))] scroll-mt-[calc(var(--header-height)+min(200px,max(70px,20svh)))]\" dir=\"auto\" data-turn-id=\"request-69c341f4-f1d0-83e9-be36-0797751e24a8-0\" data-testid=\"conversation-turn-524\" data-scroll-anchor=\"false\" data-turn=\"assistant\">\n<div class=\"text-base my-auto mx-auto pb-10 [--thread-content-margin:var(--thread-content-margin-xs,calc(var(--spacing)*4))] @w-sm\/main:[--thread-content-margin:var(--thread-content-margin-sm,calc(var(--spacing)*6))] @w-lg\/main:[--thread-content-margin:var(--thread-content-margin-lg,calc(var(--spacing)*16))] px-(--thread-content-margin)\">\n<div class=\"[--thread-content-max-width:40rem] @w-lg\/main:[--thread-content-max-width:48rem] mx-auto max-w-(--thread-content-max-width) flex-1 group\/turn-messages focus-visible:outline-hidden relative flex w-full min-w-0 flex-col agent-turn\">\n<div class=\"flex max-w-full flex-col gap-4 grow\">\n<div class=\"min-h-8 text-message relative flex w-full flex-col items-end gap-2 text-start break-words whitespace-normal outline-none keyboard-focused:focus-ring [.text-message+&amp;]:mt-1\" dir=\"auto\" tabindex=\"0\" data-message-author-role=\"assistant\" data-message-id=\"8fe727f5-4c5e-4f21-8464-484354aa17c2\" data-turn-start-message=\"true\" data-message-model-slug=\"gpt-5-3\">\n<div class=\"flex w-full flex-col gap-1 empty:hidden\">\n<div class=\"markdown prose dark:prose-invert w-full wrap-break-word dark markdown-new-styling\">\n<p data-start=\"69\" data-end=\"361\">Debido a la paralizaci\u00f3n de micros que afecta a comunas como <span class=\"hover:entity-accent entity-underline inline cursor-pointer align-baseline\"><span class=\"whitespace-normal\">Villa Alemana<\/span><\/span>, <span class=\"hover:entity-accent entity-underline inline cursor-pointer align-baseline\"><span class=\"whitespace-normal\">Vi\u00f1a del Mar<\/span><\/span> y <span class=\"hover:entity-accent entity-underline inline cursor-pointer align-baseline\"><span class=\"whitespace-normal\">Conc\u00f3n<\/span><\/span>, <span class=\"hover:entity-accent entity-underline inline cursor-pointer align-baseline\"><span class=\"whitespace-normal\">EFE Valpara\u00edso<\/span><\/span> anunci\u00f3 un plan especial para apoyar a los usuarios del transporte p\u00fablico.<\/p>\n<p data-start=\"363\" data-end=\"588\">A trav\u00e9s de un comunicado, la empresa inform\u00f3 que reforzar\u00e1 su operaci\u00f3n con la implementaci\u00f3n de trenes dobles en horarios de mayor demanda, lo que permitir\u00e1 aumentar la capacidad de traslado de pasajeros durante la jornada.<\/p>\n<p data-start=\"590\" data-end=\"744\">Adem\u00e1s, se sumar\u00e1 la circulaci\u00f3n del nuevo tren \u201c3C\u201d, recientemente incorporado a la flota, que cuenta con mayor capacidad y mejores condiciones de viaje.<\/p>\n<p data-start=\"746\" data-end=\"960\">La medida busca mitigar el impacto que est\u00e1 generando la paralizaci\u00f3n de los buses, ofreciendo una alternativa m\u00e1s r\u00e1pida y segura para quienes necesitan movilizarse entre las distintas comunas del Gran Valpara\u00edso.<\/p>\n<p data-start=\"962\" data-end=\"1106\" data-is-last-node=\"\" data-is-only-node=\"\">En simple, EFE est\u00e1 aumentando la frecuencia y capacidad de sus trenes para ayudar a las personas a trasladarse mientras dure el paro de micros.<\/p>\n<\/div>\n<\/div>\n<\/div>\n<\/div>\n<\/div>\n<\/div>\n<\/section>\n","protected":false},"excerpt":{"rendered":"<p>Debido a la paralizaci\u00f3n de micros que afecta a comunas como Villa Alemana, Vi\u00f1a del Mar y Conc\u00f3n, EFE Valpara\u00edso anunci\u00f3 un plan especial para apoyar a los usuarios del transporte p\u00fablico. A trav\u00e9s de un comunicado, la empresa inform\u00f3 que reforzar\u00e1 su operaci\u00f3n con la implementaci\u00f3n de trenes dobles en horarios de mayor demanda, [&hellip;]<\/p>\n","protected":false},"author":2,"featured_media":5829,"comment_status":"closed","ping_status":"open","sticky":false,"template":"","format":"standard","meta":[],"categories":[4],"tags":[],"_links":{"self":[{"href":"https:\/\/latinaradio.cl\/index.php\/wp-json\/wp\/v2\/posts\/5828"}],"collection":[{"href":"https:\/\/latinaradio.cl\/index.php\/wp-json\/wp\/v2\/posts"}],"about":[{"href":"https:\/\/latinaradio.cl\/index.php\/wp-json\/wp\/v2\/types\/post"}],"author":[{"embeddable":true,"href":"https:\/\/latinaradio.cl\/index.php\/wp-json\/wp\/v2\/users\/2"}],"replies":[{"embeddable":true,"href":"https:\/\/latinaradio.cl\/index.php\/wp-json\/wp\/v2\/comments?post=5828"}],"version-history":[{"count":1,"href":"https:\/\/latinaradio.cl\/index.php\/wp-json\/wp\/v2\/posts\/5828\/revisions"}],"predecessor-version":[{"id":5830,"href":"https:\/\/latinaradio.cl\/index.php\/wp-json\/wp\/v2\/posts\/5828\/revisions\/5830"}],"wp:featuredmedia":[{"embeddable":true,"href":"https:\/\/latinaradio.cl\/index.php\/wp-json\/wp\/v2\/media\/5829"}],"wp:attachment":[{"href":"https:\/\/latinaradio.cl\/index.php\/wp-json\/wp\/v2\/media?parent=5828"}],"wp:term":[{"taxonomy":"category","embeddable":true,"href":"https:\/\/latinaradio.cl\/index.php\/wp-json\/wp\/v2\/categories?post=5828"},{"taxonomy":"post_tag","embeddable":true,"href":"https:\/\/latinaradio.cl\/index.php\/wp-json\/wp\/v2\/tags?post=5828"}],"curies":[{"name":"wp","href":"https:\/\/api.w.org\/{rel}","templated":true}]}}