{"id":5831,"date":"2026-04-28T14:24:20","date_gmt":"2026-04-28T17:24:20","guid":{"rendered":"https:\/\/latinaradio.cl\/?p=5831"},"modified":"2026-04-28T14:24:20","modified_gmt":"2026-04-28T17:24:20","slug":"ex-consejero-constitucional-es-condenado-por-abuso-sexual-contra-alumnas-en-alto-hospicio","status":"publish","type":"post","link":"https:\/\/latinaradio.cl\/index.php\/2026\/04\/28\/ex-consejero-constitucional-es-condenado-por-abuso-sexual-contra-alumnas-en-alto-hospicio\/","title":{"rendered":"Ex consejero constitucional es condenado por abuso sexual contra alumnas en Alto Hospicio"},"content":{"rendered":"<p data-start=\"95\" data-end=\"367\">El Tribunal de Juicio Oral en lo Penal de <span class=\"hover:entity-accent entity-underline inline cursor-pointer align-baseline\"><span class=\"whitespace-normal\">Iquique<\/span><\/span> dict\u00f3 un veredicto condenatorio un\u00e1nime contra <span class=\"hover:entity-accent entity-underline inline cursor-pointer align-baseline\"><span class=\"whitespace-normal\">Sebasti\u00e1n Parraguez<\/span><\/span>, ex militante del <span class=\"hover:entity-accent entity-underline inline cursor-pointer align-baseline\"><span class=\"whitespace-normal\">Partido Republicano<\/span><\/span>, por su responsabilidad en delitos de abuso sexual.<\/p>\n<p data-start=\"369\" data-end=\"614\">Seg\u00fan lo acreditado en el juicio, Parraguez fue condenado como autor de tres delitos de abuso sexual por sorpresa en contra de dos alumnas menores de edad del Rupanic School, establecimiento donde se desempe\u00f1aba como profesor de ense\u00f1anza media.<\/p>\n<p data-start=\"616\" data-end=\"821\">Los hechos ocurrieron durante 2024, en el contexto de sus funciones como docente, lo que fue considerado especialmente grave por el tribunal debido a la posici\u00f3n de confianza que manten\u00eda con las v\u00edctimas.<\/p>\n<p data-start=\"823\" data-end=\"985\">El fallo establece su responsabilidad penal, quedando ahora a la espera de la lectura de sentencia, instancia en la que se determinar\u00e1 la pena que deber\u00e1 cumplir.<\/p>\n<p data-start=\"987\" data-end=\"1142\" data-is-last-node=\"\" data-is-only-node=\"\">En simple, el tribunal confirm\u00f3 que el ex consejero cometi\u00f3 abusos contra dos estudiantes mientras trabajaba como profesor, y ahora se definir\u00e1 su condena.<\/p>\n","protected":false},"excerpt":{"rendered":"<p>El Tribunal de Juicio Oral en lo Penal de Iquique dict\u00f3 un veredicto condenatorio un\u00e1nime contra Sebasti\u00e1n Parraguez, ex militante del Partido Republicano, por su responsabilidad en delitos de abuso sexual. Seg\u00fan lo acreditado en el juicio, Parraguez fue condenado como autor de tres delitos de abuso sexual por sorpresa en contra de dos alumnas [&hellip;]<\/p>\n","protected":false},"author":2,"featured_media":5832,"comment_status":"closed","ping_status":"open","sticky":false,"template":"","format":"standard","meta":[],"categories":[2],"tags":[],"_links":{"self":[{"href":"https:\/\/latinaradio.cl\/index.php\/wp-json\/wp\/v2\/posts\/5831"}],"collection":[{"href":"https:\/\/latinaradio.cl\/index.php\/wp-json\/wp\/v2\/posts"}],"about":[{"href":"https:\/\/latinaradio.cl\/index.php\/wp-json\/wp\/v2\/types\/post"}],"author":[{"embeddable":true,"href":"https:\/\/latinaradio.cl\/index.php\/wp-json\/wp\/v2\/users\/2"}],"replies":[{"embeddable":true,"href":"https:\/\/latinaradio.cl\/index.php\/wp-json\/wp\/v2\/comments?post=5831"}],"version-history":[{"count":1,"href":"https:\/\/latinaradio.cl\/index.php\/wp-json\/wp\/v2\/posts\/5831\/revisions"}],"predecessor-version":[{"id":5833,"href":"https:\/\/latinaradio.cl\/index.php\/wp-json\/wp\/v2\/posts\/5831\/revisions\/5833"}],"wp:featuredmedia":[{"embeddable":true,"href":"https:\/\/latinaradio.cl\/index.php\/wp-json\/wp\/v2\/media\/5832"}],"wp:attachment":[{"href":"https:\/\/latinaradio.cl\/index.php\/wp-json\/wp\/v2\/media?parent=5831"}],"wp:term":[{"taxonomy":"category","embeddable":true,"href":"https:\/\/latinaradio.cl\/index.php\/wp-json\/wp\/v2\/categories?post=5831"},{"taxonomy":"post_tag","embeddable":true,"href":"https:\/\/latinaradio.cl\/index.php\/wp-json\/wp\/v2\/tags?post=5831"}],"curies":[{"name":"wp","href":"https:\/\/api.w.org\/{rel}","templated":true}]}}