{"id":5834,"date":"2026-04-28T14:27:59","date_gmt":"2026-04-28T17:27:59","guid":{"rendered":"https:\/\/latinaradio.cl\/?p=5834"},"modified":"2026-04-28T14:27:59","modified_gmt":"2026-04-28T17:27:59","slug":"advierten-fuerte-alza-en-alimentos-y-posible-impacto-en-el-precio-del-tomate","status":"publish","type":"post","link":"https:\/\/latinaradio.cl\/index.php\/2026\/04\/28\/advierten-fuerte-alza-en-alimentos-y-posible-impacto-en-el-precio-del-tomate\/","title":{"rendered":"Advierten fuerte alza en alimentos y posible impacto en el precio del tomate"},"content":{"rendered":"<p data-start=\"82\" data-end=\"323\">La agrupaci\u00f3n <span class=\"hover:entity-accent entity-underline inline cursor-pointer align-baseline\"><span class=\"whitespace-normal\">Agricultores Unidos de Talca<\/span><\/span> encendi\u00f3 las alertas por un eventual aumento en el precio de los alimentos, apuntando a la falta de medidas del gobierno de <span class=\"hover:entity-accent entity-underline inline cursor-pointer align-baseline\"><span class=\"whitespace-normal\">Jos\u00e9 Antonio Kast<\/span><\/span> frente al escenario actual.<\/p>\n<p data-start=\"325\" data-end=\"685\">Desde el gremio se\u00f1alaron que uno de los factores clave es no haber recurrido al <span class=\"hover:entity-accent entity-underline inline cursor-pointer align-baseline\"><span class=\"whitespace-normal\">MEPCO<\/span><\/span>, herramienta que permite amortiguar las variaciones en el precio de los combustibles. Seg\u00fan advierten, esto impacta directamente en los costos de producci\u00f3n y transporte, lo que finalmente se traduce en alimentos m\u00e1s caros para la poblaci\u00f3n.<\/p>\n<p data-start=\"687\" data-end=\"868\">Uno de los ejemplos m\u00e1s preocupantes es el del tomate, cuyo valor podr\u00eda llegar hasta los $5.000 por kilo en las pr\u00f3ximas semanas, de acuerdo a las proyecciones del sector agr\u00edcola.<\/p>\n<p data-start=\"870\" data-end=\"1064\">Los productores aseguran que el alza en los insumos, el transporte y la falta de medidas de contenci\u00f3n est\u00e1n generando un escenario complejo, especialmente para las familias de menores ingresos.<\/p>\n<p data-start=\"1066\" data-end=\"1232\" data-is-last-node=\"\" data-is-only-node=\"\">En simple, los agricultores advierten que, sin medidas para controlar costos como el combustible, los alimentos podr\u00edan subir fuertemente de precio en el corto plazo.<\/p>\n","protected":false},"excerpt":{"rendered":"<p>La agrupaci\u00f3n Agricultores Unidos de Talca encendi\u00f3 las alertas por un eventual aumento en el precio de los alimentos, apuntando a la falta de medidas del gobierno de Jos\u00e9 Antonio Kast frente al escenario actual. Desde el gremio se\u00f1alaron que uno de los factores clave es no haber recurrido al MEPCO, herramienta que permite amortiguar [&hellip;]<\/p>\n","protected":false},"author":2,"featured_media":5835,"comment_status":"closed","ping_status":"open","sticky":false,"template":"","format":"standard","meta":[],"categories":[3],"tags":[],"_links":{"self":[{"href":"https:\/\/latinaradio.cl\/index.php\/wp-json\/wp\/v2\/posts\/5834"}],"collection":[{"href":"https:\/\/latinaradio.cl\/index.php\/wp-json\/wp\/v2\/posts"}],"about":[{"href":"https:\/\/latinaradio.cl\/index.php\/wp-json\/wp\/v2\/types\/post"}],"author":[{"embeddable":true,"href":"https:\/\/latinaradio.cl\/index.php\/wp-json\/wp\/v2\/users\/2"}],"replies":[{"embeddable":true,"href":"https:\/\/latinaradio.cl\/index.php\/wp-json\/wp\/v2\/comments?post=5834"}],"version-history":[{"count":1,"href":"https:\/\/latinaradio.cl\/index.php\/wp-json\/wp\/v2\/posts\/5834\/revisions"}],"predecessor-version":[{"id":5836,"href":"https:\/\/latinaradio.cl\/index.php\/wp-json\/wp\/v2\/posts\/5834\/revisions\/5836"}],"wp:featuredmedia":[{"embeddable":true,"href":"https:\/\/latinaradio.cl\/index.php\/wp-json\/wp\/v2\/media\/5835"}],"wp:attachment":[{"href":"https:\/\/latinaradio.cl\/index.php\/wp-json\/wp\/v2\/media?parent=5834"}],"wp:term":[{"taxonomy":"category","embeddable":true,"href":"https:\/\/latinaradio.cl\/index.php\/wp-json\/wp\/v2\/categories?post=5834"},{"taxonomy":"post_tag","embeddable":true,"href":"https:\/\/latinaradio.cl\/index.php\/wp-json\/wp\/v2\/tags?post=5834"}],"curies":[{"name":"wp","href":"https:\/\/api.w.org\/{rel}","templated":true}]}}