{"id":5846,"date":"2026-04-28T16:09:28","date_gmt":"2026-04-28T19:09:28","guid":{"rendered":"https:\/\/latinaradio.cl\/?p=5846"},"modified":"2026-04-28T16:09:28","modified_gmt":"2026-04-28T19:09:28","slug":"colegio-medico-cuestiona-salida-de-medicos-en-hospital-de-san-antonio-y-advierte-por-criterios-politicos","status":"publish","type":"post","link":"https:\/\/latinaradio.cl\/index.php\/2026\/04\/28\/colegio-medico-cuestiona-salida-de-medicos-en-hospital-de-san-antonio-y-advierte-por-criterios-politicos\/","title":{"rendered":"Colegio M\u00e9dico cuestiona salida de m\u00e9dicos en Hospital de San Antonio y advierte por criterios pol\u00edticos"},"content":{"rendered":"<p data-start=\"110\" data-end=\"400\">El presidente del <span class=\"hover:entity-accent entity-underline inline cursor-pointer align-baseline\"><span class=\"whitespace-normal\">Colegio M\u00e9dico de Valpara\u00edso<\/span><\/span>, <span class=\"hover:entity-accent entity-underline inline cursor-pointer align-baseline\"><span class=\"whitespace-normal\">Ignacio De La Torre<\/span><\/span>, se refiri\u00f3 a la salida de siete profesionales desde el <span class=\"hover:entity-accent entity-underline inline cursor-pointer align-baseline\"><span class=\"whitespace-normal\">Hospital de San Antonio<\/span><\/span>, situaci\u00f3n que se da tras la solicitud de renuncia a la directora del recinto por parte del Gobierno.<\/p>\n<p data-start=\"402\" data-end=\"787\">De La Torre explic\u00f3 que si bien existen cargos en el Estado que pueden responder a afinidades pol\u00edticas, hay otros que deben mantenerse bajo criterios estrictamente t\u00e9cnicos. \u201cHay ciertos cargos en el aparato p\u00fablico que tienen l\u00f3gica pol\u00edtica, pero el rol de un subdirector m\u00e9dico dentro de un hospital es t\u00e9cnico, y debe responder a la experiencia y trayectoria profesional\u201d, se\u00f1al\u00f3.<\/p>\n<p data-start=\"789\" data-end=\"1151\">En esa l\u00ednea, critic\u00f3 que se haya instalado una discusi\u00f3n pol\u00edtica en torno a este tipo de nombramientos. \u201cNos parece totalmente anacr\u00f3nico y fuera de lugar cuestionar a un subdirector m\u00e9dico por su orientaci\u00f3n pol\u00edtica. Lo que importa es si tiene o no las competencias\u201d, afirm\u00f3, agregando que, a su juicio, la doctora involucrada cumple con el perfil requerido.<\/p>\n<p data-start=\"1153\" data-end=\"1434\">El dirigente tambi\u00e9n advirti\u00f3 que este tipo de situaciones genera preocupaci\u00f3n en los equipos de salud, lo que explicar\u00eda la salida de los m\u00e9dicos. \u201cTiene que ver con una intromisi\u00f3n desde el mundo pol\u00edtico en decisiones que son t\u00e9cnicas, y para muchos eso no es correcto\u201d, indic\u00f3.<\/p>\n<p data-start=\"1436\" data-end=\"1657\">Finalmente, De La Torre alert\u00f3 sobre las consecuencias a largo plazo: \u201cSi queremos mejores pol\u00edticas sanitarias, no podemos afectar la gesti\u00f3n cl\u00ednica cada vez que cambia un gobierno, dependiendo de afinidades pol\u00edticas\u201d.<\/p>\n<p data-start=\"1659\" data-end=\"1851\" data-is-last-node=\"\" data-is-only-node=\"\">En simple, el Colegio M\u00e9dico cuestiona que decisiones pol\u00edticas est\u00e9n influyendo en cargos t\u00e9cnicos dentro de hospitales, advirtiendo que esto puede afectar la calidad de la atenci\u00f3n en salud.<\/p>\n","protected":false},"excerpt":{"rendered":"<p>El presidente del Colegio M\u00e9dico de Valpara\u00edso, Ignacio De La Torre, se refiri\u00f3 a la salida de siete profesionales desde el Hospital de San Antonio, situaci\u00f3n que se da tras la solicitud de renuncia a la directora del recinto por parte del Gobierno. De La Torre explic\u00f3 que si bien existen cargos en el Estado [&hellip;]<\/p>\n","protected":false},"author":2,"featured_media":5847,"comment_status":"closed","ping_status":"open","sticky":false,"template":"","format":"standard","meta":[],"categories":[3],"tags":[],"_links":{"self":[{"href":"https:\/\/latinaradio.cl\/index.php\/wp-json\/wp\/v2\/posts\/5846"}],"collection":[{"href":"https:\/\/latinaradio.cl\/index.php\/wp-json\/wp\/v2\/posts"}],"about":[{"href":"https:\/\/latinaradio.cl\/index.php\/wp-json\/wp\/v2\/types\/post"}],"author":[{"embeddable":true,"href":"https:\/\/latinaradio.cl\/index.php\/wp-json\/wp\/v2\/users\/2"}],"replies":[{"embeddable":true,"href":"https:\/\/latinaradio.cl\/index.php\/wp-json\/wp\/v2\/comments?post=5846"}],"version-history":[{"count":1,"href":"https:\/\/latinaradio.cl\/index.php\/wp-json\/wp\/v2\/posts\/5846\/revisions"}],"predecessor-version":[{"id":5848,"href":"https:\/\/latinaradio.cl\/index.php\/wp-json\/wp\/v2\/posts\/5846\/revisions\/5848"}],"wp:featuredmedia":[{"embeddable":true,"href":"https:\/\/latinaradio.cl\/index.php\/wp-json\/wp\/v2\/media\/5847"}],"wp:attachment":[{"href":"https:\/\/latinaradio.cl\/index.php\/wp-json\/wp\/v2\/media?parent=5846"}],"wp:term":[{"taxonomy":"category","embeddable":true,"href":"https:\/\/latinaradio.cl\/index.php\/wp-json\/wp\/v2\/categories?post=5846"},{"taxonomy":"post_tag","embeddable":true,"href":"https:\/\/latinaradio.cl\/index.php\/wp-json\/wp\/v2\/tags?post=5846"}],"curies":[{"name":"wp","href":"https:\/\/api.w.org\/{rel}","templated":true}]}}