{"id":5849,"date":"2026-04-28T16:19:17","date_gmt":"2026-04-28T19:19:17","guid":{"rendered":"https:\/\/latinaradio.cl\/?p=5849"},"modified":"2026-04-28T16:19:17","modified_gmt":"2026-04-28T19:19:17","slug":"pdg-cambia-de-liderazgo-tras-elecciones-internas-marcadas-por-baja-participacion","status":"publish","type":"post","link":"https:\/\/latinaradio.cl\/index.php\/2026\/04\/28\/pdg-cambia-de-liderazgo-tras-elecciones-internas-marcadas-por-baja-participacion\/","title":{"rendered":"PDG cambia de liderazgo tras elecciones internas marcadas por baja participaci\u00f3n"},"content":{"rendered":"<section class=\"text-token-text-primary w-full focus:outline-none [--shadow-height:45px] has-data-writing-block:pointer-events-none has-data-writing-block:-mt-(--shadow-height) has-data-writing-block:pt-(--shadow-height) [&amp;:has([data-writing-block])&gt;*]:pointer-events-auto [content-visibility:auto] supports-[content-visibility:auto]:[contain-intrinsic-size:auto_100lvh] R6Vx5W_threadScrollVars scroll-mb-[calc(var(--scroll-root-safe-area-inset-bottom,0px)+var(--thread-response-height))] scroll-mt-[calc(var(--header-height)+min(200px,max(70px,20svh)))]\" dir=\"auto\" data-turn-id=\"request-69c341f4-f1d0-83e9-be36-0797751e24a8-9\" data-testid=\"conversation-turn-538\" data-scroll-anchor=\"false\" data-turn=\"assistant\">\n<div class=\"text-base my-auto mx-auto pb-10 [--thread-content-margin:var(--thread-content-margin-xs,calc(var(--spacing)*4))] @w-sm\/main:[--thread-content-margin:var(--thread-content-margin-sm,calc(var(--spacing)*6))] @w-lg\/main:[--thread-content-margin:var(--thread-content-margin-lg,calc(var(--spacing)*16))] px-(--thread-content-margin)\">\n<div class=\"[--thread-content-max-width:40rem] @w-lg\/main:[--thread-content-max-width:48rem] mx-auto max-w-(--thread-content-max-width) flex-1 group\/turn-messages focus-visible:outline-hidden relative flex w-full min-w-0 flex-col agent-turn\">\n<div class=\"flex max-w-full flex-col gap-4 grow\">\n<div class=\"min-h-8 text-message relative flex w-full flex-col items-end gap-2 text-start break-words whitespace-normal outline-none keyboard-focused:focus-ring [.text-message+&amp;]:mt-1\" dir=\"auto\" tabindex=\"0\" data-message-author-role=\"assistant\" data-message-id=\"a3a32e65-da6f-4d5a-a36f-8757425b34d6\" data-message-model-slug=\"gpt-5-3\" data-turn-start-message=\"true\">\n<div class=\"flex w-full flex-col gap-1 empty:hidden\">\n<div class=\"markdown prose dark:prose-invert w-full wrap-break-word dark markdown-new-styling\">\n<p data-start=\"86\" data-end=\"293\">El <span class=\"hover:entity-accent entity-underline inline cursor-pointer align-baseline\"><span class=\"whitespace-normal\">Partido de la Gente<\/span><\/span> vive un momento clave tras sus recientes elecciones internas, que dejaron un cambio en la conducci\u00f3n y la salida del grupo ligado a la familia Parisi de la directiva.<\/p>\n<p data-start=\"295\" data-end=\"551\">La lista encabezada por <span class=\"hover:entity-accent entity-underline inline cursor-pointer align-baseline\"><span class=\"whitespace-normal\">Patricio Quisbert<\/span><\/span> se impuso sobre la del entonces presidente <span class=\"hover:entity-accent entity-underline inline cursor-pointer align-baseline\"><span class=\"whitespace-normal\">Rodrigo Vattuone<\/span><\/span> y la diputada <span class=\"hover:entity-accent entity-underline inline cursor-pointer align-baseline\"><span class=\"whitespace-normal\">Zandra Parisi<\/span><\/span>, quienes quedaron fuera del nuevo dise\u00f1o interno del partido.<\/p>\n<p data-start=\"553\" data-end=\"760\">A este escenario se suma que <span class=\"hover:entity-accent entity-underline inline cursor-pointer align-baseline\"><span class=\"whitespace-normal\">Franco Parisi<\/span><\/span> no repostul\u00f3 a la vicepresidencia, lo que marca \u2014al menos formalmente\u2014 la salida del apellido Parisi de la primera l\u00ednea de la colectividad.<\/p>\n<p data-start=\"762\" data-end=\"1016\">Sin embargo, el proceso estuvo marcado por una muy baja participaci\u00f3n. De un padr\u00f3n que supera los 42 mil militantes, votaron poco m\u00e1s de mil personas, lo que equivale a cerca de un 2,5%, un dato que genera dudas sobre la representatividad del resultado.<\/p>\n<p data-start=\"1018\" data-end=\"1152\" data-is-last-node=\"\" data-is-only-node=\"\">En simple, el PDG cambi\u00f3 de liderazgo y dej\u00f3 fuera a figuras hist\u00f3ricas, pero con una elecci\u00f3n interna donde particip\u00f3 muy poca gente.<\/p>\n<\/div>\n<\/div>\n<\/div>\n<\/div>\n<div class=\"z-0 flex min-h-[46px] justify-start\"><\/div>\n<div class=\"mt-3 w-full empty:hidden\">\n<div class=\"text-center\"><\/div>\n<\/div>\n<\/div>\n<\/div>\n<\/section>\n<div class=\"pointer-events-none -mt-px h-px translate-y-[calc(var(--scroll-root-safe-area-inset-bottom)-14*var(--spacing))]\" aria-hidden=\"true\"><\/div>\n","protected":false},"excerpt":{"rendered":"<p>El Partido de la Gente vive un momento clave tras sus recientes elecciones internas, que dejaron un cambio en la conducci\u00f3n y la salida del grupo ligado a la familia Parisi de la directiva. La lista encabezada por Patricio Quisbert se impuso sobre la del entonces presidente Rodrigo Vattuone y la diputada Zandra Parisi, quienes [&hellip;]<\/p>\n","protected":false},"author":2,"featured_media":5850,"comment_status":"closed","ping_status":"open","sticky":false,"template":"","format":"standard","meta":[],"categories":[3],"tags":[],"_links":{"self":[{"href":"https:\/\/latinaradio.cl\/index.php\/wp-json\/wp\/v2\/posts\/5849"}],"collection":[{"href":"https:\/\/latinaradio.cl\/index.php\/wp-json\/wp\/v2\/posts"}],"about":[{"href":"https:\/\/latinaradio.cl\/index.php\/wp-json\/wp\/v2\/types\/post"}],"author":[{"embeddable":true,"href":"https:\/\/latinaradio.cl\/index.php\/wp-json\/wp\/v2\/users\/2"}],"replies":[{"embeddable":true,"href":"https:\/\/latinaradio.cl\/index.php\/wp-json\/wp\/v2\/comments?post=5849"}],"version-history":[{"count":1,"href":"https:\/\/latinaradio.cl\/index.php\/wp-json\/wp\/v2\/posts\/5849\/revisions"}],"predecessor-version":[{"id":5851,"href":"https:\/\/latinaradio.cl\/index.php\/wp-json\/wp\/v2\/posts\/5849\/revisions\/5851"}],"wp:featuredmedia":[{"embeddable":true,"href":"https:\/\/latinaradio.cl\/index.php\/wp-json\/wp\/v2\/media\/5850"}],"wp:attachment":[{"href":"https:\/\/latinaradio.cl\/index.php\/wp-json\/wp\/v2\/media?parent=5849"}],"wp:term":[{"taxonomy":"category","embeddable":true,"href":"https:\/\/latinaradio.cl\/index.php\/wp-json\/wp\/v2\/categories?post=5849"},{"taxonomy":"post_tag","embeddable":true,"href":"https:\/\/latinaradio.cl\/index.php\/wp-json\/wp\/v2\/tags?post=5849"}],"curies":[{"name":"wp","href":"https:\/\/api.w.org\/{rel}","templated":true}]}}