{"id":5852,"date":"2026-04-28T17:17:10","date_gmt":"2026-04-28T20:17:10","guid":{"rendered":"https:\/\/latinaradio.cl\/?p=5852"},"modified":"2026-04-28T17:17:10","modified_gmt":"2026-04-28T20:17:10","slug":"teleton-2026-ya-tiene-fecha-y-proyecta-nuevos-desafios-en-su-red-de-atencion","status":"publish","type":"post","link":"https:\/\/latinaradio.cl\/index.php\/2026\/04\/28\/teleton-2026-ya-tiene-fecha-y-proyecta-nuevos-desafios-en-su-red-de-atencion\/","title":{"rendered":"Telet\u00f3n 2026 ya tiene fecha y proyecta nuevos desaf\u00edos en su red de atenci\u00f3n"},"content":{"rendered":"<p data-start=\"82\" data-end=\"242\">La <span class=\"hover:entity-accent entity-underline inline cursor-pointer align-baseline\"><span class=\"whitespace-normal\">Telet\u00f3n 2026<\/span><\/span> ya defini\u00f3 su calendario: las tradicionales 27 horas de solidaridad se realizar\u00e1n el viernes 6 y s\u00e1bado 7 de noviembre.<\/p>\n<p data-start=\"244\" data-end=\"496\">El anuncio se hizo en el nuevo <span class=\"hover:entity-accent entity-underline inline cursor-pointer align-baseline\"><span class=\"whitespace-normal\">Instituto Telet\u00f3n de la Regi\u00f3n de O\u2019Higgins<\/span><\/span>, recinto que recientemente cumpli\u00f3 sus primeros 100 d\u00edas de funcionamiento, acercando la rehabilitaci\u00f3n a familias que antes deb\u00edan trasladarse a otras regiones para recibir atenci\u00f3n.<\/p>\n<p data-start=\"498\" data-end=\"758\">Durante la actividad, el Presidente <span class=\"hover:entity-accent entity-underline inline cursor-pointer align-baseline\"><span class=\"whitespace-normal\">Jos\u00e9 Kast<\/span><\/span> inform\u00f3 que enviar\u00e1 un proyecto de ley para declarar el primer s\u00e1bado de noviembre como el D\u00eda Nacional de la Telet\u00f3n, y el domingo siguiente como el D\u00eda Nacional del Encuentro Familiar.<\/p>\n<p data-start=\"760\" data-end=\"863\" data-is-last-node=\"\" data-is-only-node=\"\">Por su parte, <span class=\"hover:entity-accent entity-underline inline cursor-pointer align-baseline\"><span class=\"whitespace-normal\">Mario Kreutzberger<\/span><\/span> destac\u00f3 que uno de los grandes desaf\u00edos de este a\u00f1o<\/p>\n","protected":false},"excerpt":{"rendered":"<p>La Telet\u00f3n 2026 ya defini\u00f3 su calendario: las tradicionales 27 horas de solidaridad se realizar\u00e1n el viernes 6 y s\u00e1bado 7 de noviembre. El anuncio se hizo en el nuevo Instituto Telet\u00f3n de la Regi\u00f3n de O\u2019Higgins, recinto que recientemente cumpli\u00f3 sus primeros 100 d\u00edas de funcionamiento, acercando la rehabilitaci\u00f3n a familias que antes deb\u00edan [&hellip;]<\/p>\n","protected":false},"author":2,"featured_media":5853,"comment_status":"closed","ping_status":"open","sticky":false,"template":"","format":"standard","meta":[],"categories":[3],"tags":[],"_links":{"self":[{"href":"https:\/\/latinaradio.cl\/index.php\/wp-json\/wp\/v2\/posts\/5852"}],"collection":[{"href":"https:\/\/latinaradio.cl\/index.php\/wp-json\/wp\/v2\/posts"}],"about":[{"href":"https:\/\/latinaradio.cl\/index.php\/wp-json\/wp\/v2\/types\/post"}],"author":[{"embeddable":true,"href":"https:\/\/latinaradio.cl\/index.php\/wp-json\/wp\/v2\/users\/2"}],"replies":[{"embeddable":true,"href":"https:\/\/latinaradio.cl\/index.php\/wp-json\/wp\/v2\/comments?post=5852"}],"version-history":[{"count":1,"href":"https:\/\/latinaradio.cl\/index.php\/wp-json\/wp\/v2\/posts\/5852\/revisions"}],"predecessor-version":[{"id":5854,"href":"https:\/\/latinaradio.cl\/index.php\/wp-json\/wp\/v2\/posts\/5852\/revisions\/5854"}],"wp:featuredmedia":[{"embeddable":true,"href":"https:\/\/latinaradio.cl\/index.php\/wp-json\/wp\/v2\/media\/5853"}],"wp:attachment":[{"href":"https:\/\/latinaradio.cl\/index.php\/wp-json\/wp\/v2\/media?parent=5852"}],"wp:term":[{"taxonomy":"category","embeddable":true,"href":"https:\/\/latinaradio.cl\/index.php\/wp-json\/wp\/v2\/categories?post=5852"},{"taxonomy":"post_tag","embeddable":true,"href":"https:\/\/latinaradio.cl\/index.php\/wp-json\/wp\/v2\/tags?post=5852"}],"curies":[{"name":"wp","href":"https:\/\/api.w.org\/{rel}","templated":true}]}}