{"id":5855,"date":"2026-04-28T17:27:36","date_gmt":"2026-04-28T20:27:36","guid":{"rendered":"https:\/\/latinaradio.cl\/?p=5855"},"modified":"2026-04-28T17:27:36","modified_gmt":"2026-04-28T20:27:36","slug":"aprueban-ampliacion-de-planta-desalinizadora-que-duplicara-produccion-de-agua-en-la-region","status":"publish","type":"post","link":"https:\/\/latinaradio.cl\/index.php\/2026\/04\/28\/aprueban-ampliacion-de-planta-desalinizadora-que-duplicara-produccion-de-agua-en-la-region\/","title":{"rendered":"Aprueban ampliaci\u00f3n de planta desalinizadora que duplicar\u00e1 producci\u00f3n de agua en la regi\u00f3n"},"content":{"rendered":"<p data-start=\"160\" data-end=\"411\">La <span class=\"hover:entity-accent entity-underline inline cursor-pointer align-baseline\"><span class=\"whitespace-normal\">Comisi\u00f3n de Evaluaci\u00f3n Ambiental de la Regi\u00f3n de Valpara\u00edso<\/span><\/span> aprob\u00f3 la Resoluci\u00f3n de Calificaci\u00f3n Ambiental (RCA) para la \u201cModificaci\u00f3n Proyecto Aconcagua\u201d de <span class=\"hover:entity-accent entity-underline inline cursor-pointer align-baseline\"><span class=\"whitespace-normal\">Aguas Pac\u00edfico<\/span><\/span>, una iniciativa clave para enfrentar la crisis h\u00eddrica en la zona central.<\/p>\n<p data-start=\"413\" data-end=\"663\">El proyecto permitir\u00e1 duplicar la producci\u00f3n de agua desalinizada, pasando de 1.000 a 2.000 litros por segundo, consolid\u00e1ndose como una fuente estrat\u00e9gica frente a la sequ\u00eda estructural que afecta a la regi\u00f3n de <span class=\"hover:entity-accent entity-underline inline cursor-pointer align-baseline\"><span class=\"whitespace-normal\">Valpara\u00edso<\/span><\/span>.<\/p>\n<p data-start=\"665\" data-end=\"985\">La inversi\u00f3n estimada alcanza los 280 millones de d\u00f3lares y contempla mejoras a la infraestructura ya existente, que actualmente est\u00e1 en fase de pruebas. Entre las principales obras se incluyen la instalaci\u00f3n de nuevas torres de captaci\u00f3n, el recambio de difusores y la construcci\u00f3n de un nuevo m\u00f3dulo de desalinizaci\u00f3n.<\/p>\n<p data-start=\"987\" data-end=\"1207\">Adem\u00e1s, se proyecta que la etapa de construcci\u00f3n genere m\u00e1s de 500 empleos, mientras que la operaci\u00f3n a plena capacidad comenzar\u00eda en 2030. Un punto relevante es que el sistema funcionar\u00e1 con un 100% de energ\u00edas limpias.<\/p>\n<p data-start=\"1209\" data-end=\"1494\">El proyecto tambi\u00e9n mantiene compromisos de suministro de agua para los sistemas de Servicios Sanitarios Rurales (APR) en comunas como <span class=\"hover:entity-accent entity-underline inline cursor-pointer align-baseline\"><span class=\"whitespace-normal\">Quintero<\/span><\/span> y <span class=\"hover:entity-accent entity-underline inline cursor-pointer align-baseline\"><span class=\"whitespace-normal\">Puchuncav\u00ed<\/span><\/span>, zonas que han enfrentado hist\u00f3ricamente problemas de acceso al recurso.<\/p>\n<p data-start=\"1496\" data-end=\"1648\" data-is-last-node=\"\" data-is-only-node=\"\">En simple, se aprob\u00f3 una ampliaci\u00f3n que permitir\u00e1 producir m\u00e1s agua desalinizada para la regi\u00f3n, con una fuerte inversi\u00f3n y foco en enfrentar la sequ\u00eda.<\/p>\n","protected":false},"excerpt":{"rendered":"<p>La Comisi\u00f3n de Evaluaci\u00f3n Ambiental de la Regi\u00f3n de Valpara\u00edso aprob\u00f3 la Resoluci\u00f3n de Calificaci\u00f3n Ambiental (RCA) para la \u201cModificaci\u00f3n Proyecto Aconcagua\u201d de Aguas Pac\u00edfico, una iniciativa clave para enfrentar la crisis h\u00eddrica en la zona central. El proyecto permitir\u00e1 duplicar la producci\u00f3n de agua desalinizada, pasando de 1.000 a 2.000 litros por segundo, consolid\u00e1ndose [&hellip;]<\/p>\n","protected":false},"author":2,"featured_media":5856,"comment_status":"closed","ping_status":"open","sticky":false,"template":"","format":"standard","meta":[],"categories":[4],"tags":[],"_links":{"self":[{"href":"https:\/\/latinaradio.cl\/index.php\/wp-json\/wp\/v2\/posts\/5855"}],"collection":[{"href":"https:\/\/latinaradio.cl\/index.php\/wp-json\/wp\/v2\/posts"}],"about":[{"href":"https:\/\/latinaradio.cl\/index.php\/wp-json\/wp\/v2\/types\/post"}],"author":[{"embeddable":true,"href":"https:\/\/latinaradio.cl\/index.php\/wp-json\/wp\/v2\/users\/2"}],"replies":[{"embeddable":true,"href":"https:\/\/latinaradio.cl\/index.php\/wp-json\/wp\/v2\/comments?post=5855"}],"version-history":[{"count":1,"href":"https:\/\/latinaradio.cl\/index.php\/wp-json\/wp\/v2\/posts\/5855\/revisions"}],"predecessor-version":[{"id":5857,"href":"https:\/\/latinaradio.cl\/index.php\/wp-json\/wp\/v2\/posts\/5855\/revisions\/5857"}],"wp:featuredmedia":[{"embeddable":true,"href":"https:\/\/latinaradio.cl\/index.php\/wp-json\/wp\/v2\/media\/5856"}],"wp:attachment":[{"href":"https:\/\/latinaradio.cl\/index.php\/wp-json\/wp\/v2\/media?parent=5855"}],"wp:term":[{"taxonomy":"category","embeddable":true,"href":"https:\/\/latinaradio.cl\/index.php\/wp-json\/wp\/v2\/categories?post=5855"},{"taxonomy":"post_tag","embeddable":true,"href":"https:\/\/latinaradio.cl\/index.php\/wp-json\/wp\/v2\/tags?post=5855"}],"curies":[{"name":"wp","href":"https:\/\/api.w.org\/{rel}","templated":true}]}}