{"id":5858,"date":"2026-04-28T17:41:31","date_gmt":"2026-04-28T20:41:31","guid":{"rendered":"https:\/\/latinaradio.cl\/?p=5858"},"modified":"2026-04-28T17:41:31","modified_gmt":"2026-04-28T20:41:31","slug":"mesa-del-senado-llama-a-elevar-el-tono-del-debate-politico-en-temas-clave-como-vivienda","status":"publish","type":"post","link":"https:\/\/latinaradio.cl\/index.php\/2026\/04\/28\/mesa-del-senado-llama-a-elevar-el-tono-del-debate-politico-en-temas-clave-como-vivienda\/","title":{"rendered":"Mesa del Senado llama a elevar el tono del debate pol\u00edtico en temas clave como vivienda"},"content":{"rendered":"<section class=\"text-token-text-primary w-full focus:outline-none [--shadow-height:45px] has-data-writing-block:pointer-events-none has-data-writing-block:-mt-(--shadow-height) has-data-writing-block:pt-(--shadow-height) [&amp;:has([data-writing-block])&gt;*]:pointer-events-auto [content-visibility:auto] supports-[content-visibility:auto]:[contain-intrinsic-size:auto_100lvh] R6Vx5W_threadScrollVars scroll-mb-[calc(var(--scroll-root-safe-area-inset-bottom,0px)+var(--thread-response-height))] scroll-mt-[calc(var(--header-height)+min(200px,max(70px,20svh)))]\" dir=\"auto\" data-turn-id=\"request-69c341f4-f1d0-83e9-be36-0797751e24a8-13\" data-testid=\"conversation-turn-546\" data-scroll-anchor=\"false\" data-turn=\"assistant\">\n<div class=\"text-base my-auto mx-auto pb-10 [--thread-content-margin:var(--thread-content-margin-xs,calc(var(--spacing)*4))] @w-sm\/main:[--thread-content-margin:var(--thread-content-margin-sm,calc(var(--spacing)*6))] @w-lg\/main:[--thread-content-margin:var(--thread-content-margin-lg,calc(var(--spacing)*16))] px-(--thread-content-margin)\">\n<div class=\"[--thread-content-max-width:40rem] @w-lg\/main:[--thread-content-max-width:48rem] mx-auto max-w-(--thread-content-max-width) flex-1 group\/turn-messages focus-visible:outline-hidden relative flex w-full min-w-0 flex-col agent-turn\">\n<div class=\"flex max-w-full flex-col gap-4 grow\">\n<div class=\"min-h-8 text-message relative flex w-full flex-col items-end gap-2 text-start break-words whitespace-normal outline-none keyboard-focused:focus-ring [.text-message+&amp;]:mt-1\" dir=\"auto\" tabindex=\"0\" data-message-author-role=\"assistant\" data-message-id=\"142d9578-dbeb-4b88-bf9b-39b085c8263e\" data-message-model-slug=\"gpt-5-3\" data-turn-start-message=\"true\">\n<div class=\"flex w-full flex-col gap-1 empty:hidden\">\n<div class=\"markdown prose dark:prose-invert w-full wrap-break-word dark markdown-new-styling\">\n<p data-start=\"93\" data-end=\"367\">La presidenta del Senado, <span class=\"hover:entity-accent entity-underline inline cursor-pointer align-baseline\"><span class=\"whitespace-normal\">Paulina N\u00fa\u00f1ez<\/span><\/span>, junto al vicepresidente <span class=\"hover:entity-accent entity-underline inline cursor-pointer align-baseline\"><span class=\"whitespace-normal\">Iv\u00e1n Moreira<\/span><\/span>, hicieron un llamado a resguardar un clima de respeto en el debate p\u00fablico y parlamentario, especialmente en materias sensibles para la ciudadan\u00eda.<\/p>\n<p data-start=\"369\" data-end=\"695\">Desde la <span class=\"hover:entity-accent entity-underline inline cursor-pointer align-baseline\"><span class=\"whitespace-normal\">Senado de Chile<\/span><\/span>, N\u00fa\u00f1ez se\u00f1al\u00f3 que la corporaci\u00f3n ha buscado mantener un tono de responsabilidad y respeto, enfatizando que ese debe ser el est\u00e1ndar en la discusi\u00f3n pol\u00edtica. \u201cEse es nuestro estilo y estamos convencidos de que as\u00ed deben desarrollarse los debates de ideas en el Congreso\u201d, afirm\u00f3.<\/p>\n<p data-start=\"697\" data-end=\"908\">La senadora advirti\u00f3 que cuando se generan situaciones o declaraciones que rebajan el nivel del debate, es necesario exigir que las discusiones vuelvan a centrarse en el Congreso, con seriedad y altura de miras.<\/p>\n<p data-start=\"910\" data-end=\"1170\">En esa l\u00ednea, subray\u00f3 que temas como la vivienda requieren un tratamiento responsable, ya que impactan directamente en la calidad de vida de las personas. \u201cLas leyes siempre pueden perfeccionarse, pero ese proceso debe darse con respeto institucional\u201d, agreg\u00f3.<\/p>\n<p data-start=\"1172\" data-end=\"1425\">Finalmente, la Mesa del Senado hizo un llamado a quienes ejercen cargos p\u00fablicos a elevar el est\u00e1ndar del di\u00e1logo, destacando que las diferencias deben discutirse con respeto, sobre todo cuando se trata de temas que afectan directamente a la ciudadan\u00eda.<\/p>\n<p data-start=\"1427\" data-end=\"1583\" data-is-last-node=\"\" data-is-only-node=\"\">En simple, el Senado pide bajar el tono de las discusiones pol\u00edticas y poner el foco en debates serios, especialmente en temas importantes como la vivienda.<\/p>\n<\/div>\n<\/div>\n<\/div>\n<\/div>\n<div class=\"z-0 flex min-h-[46px] justify-start\"><\/div>\n<div class=\"mt-3 w-full empty:hidden\">\n<div class=\"text-center\"><\/div>\n<\/div>\n<\/div>\n<\/div>\n<\/section>\n<div class=\"pointer-events-none -mt-px h-px translate-y-[calc(var(--scroll-root-safe-area-inset-bottom)-14*var(--spacing))]\" aria-hidden=\"true\"><\/div>\n","protected":false},"excerpt":{"rendered":"<p>La presidenta del Senado, Paulina N\u00fa\u00f1ez, junto al vicepresidente Iv\u00e1n Moreira, hicieron un llamado a resguardar un clima de respeto en el debate p\u00fablico y parlamentario, especialmente en materias sensibles para la ciudadan\u00eda. Desde la Senado de Chile, N\u00fa\u00f1ez se\u00f1al\u00f3 que la corporaci\u00f3n ha buscado mantener un tono de responsabilidad y respeto, enfatizando que ese [&hellip;]<\/p>\n","protected":false},"author":2,"featured_media":5859,"comment_status":"closed","ping_status":"open","sticky":false,"template":"","format":"standard","meta":[],"categories":[3],"tags":[],"_links":{"self":[{"href":"https:\/\/latinaradio.cl\/index.php\/wp-json\/wp\/v2\/posts\/5858"}],"collection":[{"href":"https:\/\/latinaradio.cl\/index.php\/wp-json\/wp\/v2\/posts"}],"about":[{"href":"https:\/\/latinaradio.cl\/index.php\/wp-json\/wp\/v2\/types\/post"}],"author":[{"embeddable":true,"href":"https:\/\/latinaradio.cl\/index.php\/wp-json\/wp\/v2\/users\/2"}],"replies":[{"embeddable":true,"href":"https:\/\/latinaradio.cl\/index.php\/wp-json\/wp\/v2\/comments?post=5858"}],"version-history":[{"count":1,"href":"https:\/\/latinaradio.cl\/index.php\/wp-json\/wp\/v2\/posts\/5858\/revisions"}],"predecessor-version":[{"id":5860,"href":"https:\/\/latinaradio.cl\/index.php\/wp-json\/wp\/v2\/posts\/5858\/revisions\/5860"}],"wp:featuredmedia":[{"embeddable":true,"href":"https:\/\/latinaradio.cl\/index.php\/wp-json\/wp\/v2\/media\/5859"}],"wp:attachment":[{"href":"https:\/\/latinaradio.cl\/index.php\/wp-json\/wp\/v2\/media?parent=5858"}],"wp:term":[{"taxonomy":"category","embeddable":true,"href":"https:\/\/latinaradio.cl\/index.php\/wp-json\/wp\/v2\/categories?post=5858"},{"taxonomy":"post_tag","embeddable":true,"href":"https:\/\/latinaradio.cl\/index.php\/wp-json\/wp\/v2\/tags?post=5858"}],"curies":[{"name":"wp","href":"https:\/\/api.w.org\/{rel}","templated":true}]}}