{"id":5861,"date":"2026-04-28T19:20:09","date_gmt":"2026-04-28T22:20:09","guid":{"rendered":"https:\/\/latinaradio.cl\/?p=5861"},"modified":"2026-04-28T19:20:09","modified_gmt":"2026-04-28T22:20:09","slug":"cecilia-perez-hace-historia-y-asume-como-presidenta-de-universidad-de-chile","status":"publish","type":"post","link":"https:\/\/latinaradio.cl\/index.php\/2026\/04\/28\/cecilia-perez-hace-historia-y-asume-como-presidenta-de-universidad-de-chile\/","title":{"rendered":"Cecilia P\u00e9rez hace historia y asume como presidenta de Universidad de Chile"},"content":{"rendered":"<section class=\"text-token-text-primary w-full focus:outline-none [--shadow-height:45px] has-data-writing-block:pointer-events-none has-data-writing-block:-mt-(--shadow-height) has-data-writing-block:pt-(--shadow-height) [&amp;:has([data-writing-block])&gt;*]:pointer-events-auto [content-visibility:auto] supports-[content-visibility:auto]:[contain-intrinsic-size:auto_100lvh] R6Vx5W_threadScrollVars scroll-mb-[calc(var(--scroll-root-safe-area-inset-bottom,0px)+var(--thread-response-height))] scroll-mt-[calc(var(--header-height)+min(200px,max(70px,20svh)))]\" dir=\"auto\" data-turn-id=\"request-69c341f4-f1d0-83e9-be36-0797751e24a8-14\" data-testid=\"conversation-turn-548\" data-scroll-anchor=\"false\" data-turn=\"assistant\">\n<div class=\"text-base my-auto mx-auto pb-10 [--thread-content-margin:var(--thread-content-margin-xs,calc(var(--spacing)*4))] @w-sm\/main:[--thread-content-margin:var(--thread-content-margin-sm,calc(var(--spacing)*6))] @w-lg\/main:[--thread-content-margin:var(--thread-content-margin-lg,calc(var(--spacing)*16))] px-(--thread-content-margin)\">\n<div class=\"[--thread-content-max-width:40rem] @w-lg\/main:[--thread-content-max-width:48rem] mx-auto max-w-(--thread-content-max-width) flex-1 group\/turn-messages focus-visible:outline-hidden relative flex w-full min-w-0 flex-col agent-turn\">\n<div class=\"flex max-w-full flex-col gap-4 grow\">\n<div class=\"min-h-8 text-message relative flex w-full flex-col items-end gap-2 text-start break-words whitespace-normal outline-none keyboard-focused:focus-ring [.text-message+&amp;]:mt-1\" dir=\"auto\" tabindex=\"0\" data-message-author-role=\"assistant\" data-message-id=\"de6f7b40-062b-4ecc-ae83-1fbb3bf08c34\" data-message-model-slug=\"gpt-5-3\" data-turn-start-message=\"true\">\n<div class=\"flex w-full flex-col gap-1 empty:hidden\">\n<div class=\"markdown prose dark:prose-invert w-full wrap-break-word dark markdown-new-styling\">\n<p data-start=\"81\" data-end=\"322\">Una jornada hist\u00f3rica se vivi\u00f3 en <span class=\"hover:entity-accent entity-underline inline cursor-pointer align-baseline\"><span class=\"whitespace-normal\">Universidad de Chile<\/span><\/span>, luego de que se definiera el nuevo directorio de <span class=\"hover:entity-accent entity-underline inline cursor-pointer align-baseline\"><span class=\"whitespace-normal\">Azul Azul<\/span><\/span> y se confirmara a <span class=\"hover:entity-accent entity-underline inline cursor-pointer align-baseline\"><span class=\"whitespace-normal\">Cecilia P\u00e9rez<\/span><\/span> como su nueva presidenta.<\/p>\n<p data-start=\"324\" data-end=\"597\">La designaci\u00f3n se dio tras la sorpresiva renuncia de <span class=\"hover:entity-accent entity-underline inline cursor-pointer align-baseline\"><span class=\"whitespace-normal\">Michael Clark<\/span><\/span> a la presidencia la semana pasada. Desde entonces, ya se proyectaba que P\u00e9rez quien se desempe\u00f1aba como vicepresidenta asumir\u00eda el cargo, lo que finalmente se concret\u00f3 este martes.<\/p>\n<p data-start=\"599\" data-end=\"832\">El nombramiento marca un hito en el f\u00fatbol chileno, ya que P\u00e9rez se convierte en la primera mujer en presidir un club de Primera Divisi\u00f3n. Hasta ahora, solo se hab\u00edan registrado mujeres en ese rol en equipos de categor\u00edas de ascenso.<\/p>\n<p data-start=\"834\" data-end=\"992\">En la nueva estructura, <span class=\"hover:entity-accent entity-underline inline cursor-pointer align-baseline\"><span class=\"whitespace-normal\">Jos\u00e9 Ram\u00f3n Correa<\/span><\/span> fue designado como vicepresidente, pese a que tambi\u00e9n sonaba como posible reemplazante de Clark.<\/p>\n<p data-start=\"994\" data-end=\"1131\" data-is-last-node=\"\" data-is-only-node=\"\">En simple, Universidad de Chile inicia una nueva etapa con Cecilia P\u00e9rez al mando, marcando un momento hist\u00f3rico para el f\u00fatbol nacional.<\/p>\n<\/div>\n<\/div>\n<\/div>\n<\/div>\n<div class=\"z-0 flex min-h-[46px] justify-start\"><\/div>\n<div class=\"mt-3 w-full empty:hidden\">\n<div class=\"text-center\"><\/div>\n<\/div>\n<\/div>\n<\/div>\n<\/section>\n<div class=\"pointer-events-none -mt-px h-px translate-y-[calc(var(--scroll-root-safe-area-inset-bottom)-14*var(--spacing))]\" aria-hidden=\"true\"><\/div>\n","protected":false},"excerpt":{"rendered":"<p>Una jornada hist\u00f3rica se vivi\u00f3 en Universidad de Chile, luego de que se definiera el nuevo directorio de Azul Azul y se confirmara a Cecilia P\u00e9rez como su nueva presidenta. La designaci\u00f3n se dio tras la sorpresiva renuncia de Michael Clark a la presidencia la semana pasada. Desde entonces, ya se proyectaba que P\u00e9rez quien [&hellip;]<\/p>\n","protected":false},"author":2,"featured_media":5862,"comment_status":"closed","ping_status":"open","sticky":false,"template":"","format":"standard","meta":[],"categories":[5],"tags":[],"_links":{"self":[{"href":"https:\/\/latinaradio.cl\/index.php\/wp-json\/wp\/v2\/posts\/5861"}],"collection":[{"href":"https:\/\/latinaradio.cl\/index.php\/wp-json\/wp\/v2\/posts"}],"about":[{"href":"https:\/\/latinaradio.cl\/index.php\/wp-json\/wp\/v2\/types\/post"}],"author":[{"embeddable":true,"href":"https:\/\/latinaradio.cl\/index.php\/wp-json\/wp\/v2\/users\/2"}],"replies":[{"embeddable":true,"href":"https:\/\/latinaradio.cl\/index.php\/wp-json\/wp\/v2\/comments?post=5861"}],"version-history":[{"count":1,"href":"https:\/\/latinaradio.cl\/index.php\/wp-json\/wp\/v2\/posts\/5861\/revisions"}],"predecessor-version":[{"id":5863,"href":"https:\/\/latinaradio.cl\/index.php\/wp-json\/wp\/v2\/posts\/5861\/revisions\/5863"}],"wp:featuredmedia":[{"embeddable":true,"href":"https:\/\/latinaradio.cl\/index.php\/wp-json\/wp\/v2\/media\/5862"}],"wp:attachment":[{"href":"https:\/\/latinaradio.cl\/index.php\/wp-json\/wp\/v2\/media?parent=5861"}],"wp:term":[{"taxonomy":"category","embeddable":true,"href":"https:\/\/latinaradio.cl\/index.php\/wp-json\/wp\/v2\/categories?post=5861"},{"taxonomy":"post_tag","embeddable":true,"href":"https:\/\/latinaradio.cl\/index.php\/wp-json\/wp\/v2\/tags?post=5861"}],"curies":[{"name":"wp","href":"https:\/\/api.w.org\/{rel}","templated":true}]}}