{"id":5864,"date":"2026-04-28T21:27:41","date_gmt":"2026-04-29T00:27:41","guid":{"rendered":"https:\/\/latinaradio.cl\/?p=5864"},"modified":"2026-04-28T21:27:41","modified_gmt":"2026-04-29T00:27:41","slug":"confirman-fin-del-paro-de-micros-tras-acuerdo-con-autoridades-por-pagos-pendientes","status":"publish","type":"post","link":"https:\/\/latinaradio.cl\/index.php\/2026\/04\/28\/confirman-fin-del-paro-de-micros-tras-acuerdo-con-autoridades-por-pagos-pendientes\/","title":{"rendered":"Confirman fin del paro de micros tras acuerdo con autoridades por pagos pendientes"},"content":{"rendered":"<section class=\"text-token-text-primary w-full focus:outline-none [--shadow-height:45px] has-data-writing-block:pointer-events-none has-data-writing-block:-mt-(--shadow-height) has-data-writing-block:pt-(--shadow-height) [&amp;:has([data-writing-block])&gt;*]:pointer-events-auto [content-visibility:auto] supports-[content-visibility:auto]:[contain-intrinsic-size:auto_100lvh] R6Vx5W_threadScrollVars scroll-mb-[calc(var(--scroll-root-safe-area-inset-bottom,0px)+var(--thread-response-height))] scroll-mt-[calc(var(--header-height)+min(200px,max(70px,20svh)))]\" dir=\"auto\" data-turn-id=\"request-69c341f4-f1d0-83e9-be36-0797751e24a8-16\" data-testid=\"conversation-turn-552\" data-scroll-anchor=\"false\" data-turn=\"assistant\">\n<div class=\"text-base my-auto mx-auto pb-10 [--thread-content-margin:var(--thread-content-margin-xs,calc(var(--spacing)*4))] @w-sm\/main:[--thread-content-margin:var(--thread-content-margin-sm,calc(var(--spacing)*6))] @w-lg\/main:[--thread-content-margin:var(--thread-content-margin-lg,calc(var(--spacing)*16))] px-(--thread-content-margin)\">\n<div class=\"[--thread-content-max-width:40rem] @w-lg\/main:[--thread-content-max-width:48rem] mx-auto max-w-(--thread-content-max-width) flex-1 group\/turn-messages focus-visible:outline-hidden relative flex w-full min-w-0 flex-col agent-turn\">\n<div class=\"flex max-w-full flex-col gap-4 grow\">\n<div class=\"min-h-8 text-message relative flex w-full flex-col items-end gap-2 text-start break-words whitespace-normal outline-none keyboard-focused:focus-ring [.text-message+&amp;]:mt-1\" dir=\"auto\" tabindex=\"0\" data-message-author-role=\"assistant\" data-message-id=\"888167d3-a94d-4c47-9baf-8bca664e84c6\" data-message-model-slug=\"gpt-5-3\" data-turn-start-message=\"true\">\n<div class=\"flex w-full flex-col gap-1 empty:hidden\">\n<div class=\"markdown prose dark:prose-invert w-full wrap-break-word dark markdown-new-styling\">\n<p data-start=\"88\" data-end=\"261\">El dirigente de los microbuseros, <span class=\"hover:entity-accent entity-underline inline cursor-pointer align-baseline\"><span class=\"whitespace-normal\">\u00d3scar Cantero<\/span><\/span>, confirm\u00f3 que el paro de conductores lleg\u00f3 a su fin luego de alcanzar un acuerdo con las autoridades.<\/p>\n<p data-start=\"263\" data-end=\"620\">Seg\u00fan explic\u00f3 en conversaci\u00f3n con G5 Noticias, este mi\u00e9rcoles se firmar\u00e1 un documento de trabajo con la <span class=\"hover:entity-accent entity-underline inline cursor-pointer align-baseline\"><span class=\"whitespace-normal\">Seremi de Transportes y Telecomunicaciones de Valpara\u00edso<\/span><\/span>, donde se detallar\u00e1 el proceso para enviar a Contralor\u00eda la informaci\u00f3n necesaria que permita autorizar los pagos pendientes a los choferes, correspondientes a subvenciones adeudadas desde septiembre del a\u00f1o pasado.<\/p>\n<p data-start=\"622\" data-end=\"922\">Cantero indic\u00f3 que el entendimiento se logr\u00f3 tras conversaciones con la Subsecretar\u00eda de Transportes, justo cuando el conflicto amenazaba con escalar. De hecho, reconoci\u00f3 que nuevas l\u00edneas estaban listas para sumarse a la movilizaci\u00f3n, lo que podr\u00eda haber derivado en un paro total desde este jueves.<\/p>\n<p data-start=\"924\" data-end=\"1184\">\u201cHay un acuerdo, ma\u00f1ana nos reunimos con el seremi para firmar el documento y conocer c\u00f3mo se ir\u00e1 pagando la deuda. Quedamos medianamente conformes, pero algo se logr\u00f3\u201d, se\u00f1al\u00f3 el dirigente, agregando que esperan que los pagos no se extiendan por muchos meses.<\/p>\n<p data-start=\"1186\" data-end=\"1458\">El representante del gremio tambi\u00e9n advirti\u00f3 que este tipo de conflictos se generan por la falta de acuerdos oportunos. \u201cNo llegar a esto es como dispararse en los pies, es innecesario\u201d, afirm\u00f3, apuntando adem\u00e1s a que la deuda se arrastra desde la administraci\u00f3n anterior.<\/p>\n<p data-start=\"1460\" data-end=\"1744\">Respecto al alza del precio del combustible, Cantero sostuvo que ser\u00e1 un tema que deber\u00e1 abordarse m\u00e1s adelante, aunque expres\u00f3 preocupaci\u00f3n por las ayudas actuales. \u201cLos 100 mil pesos para los choferes parecen una miseria, alcanza con suerte para un d\u00eda y medio de trabajo\u201d, coment\u00f3.<\/p>\n<p data-start=\"1746\" data-end=\"1909\" data-is-last-node=\"\" data-is-only-node=\"\">En simple, el paro se levant\u00f3 tras un acuerdo para avanzar en el pago de deudas a los conductores, evitando as\u00ed una paralizaci\u00f3n total del transporte en la regi\u00f3n.<\/p>\n<\/div>\n<\/div>\n<\/div>\n<\/div>\n<div class=\"z-0 flex min-h-[46px] justify-start\"><\/div>\n<div class=\"mt-3 w-full empty:hidden\">\n<div class=\"text-center\"><\/div>\n<\/div>\n<\/div>\n<\/div>\n<\/section>\n<div class=\"pointer-events-none -mt-px h-px translate-y-[calc(var(--scroll-root-safe-area-inset-bottom)-14*var(--spacing))]\" aria-hidden=\"true\"><\/div>\n","protected":false},"excerpt":{"rendered":"<p>El dirigente de los microbuseros, \u00d3scar Cantero, confirm\u00f3 que el paro de conductores lleg\u00f3 a su fin luego de alcanzar un acuerdo con las autoridades. Seg\u00fan explic\u00f3 en conversaci\u00f3n con G5 Noticias, este mi\u00e9rcoles se firmar\u00e1 un documento de trabajo con la Seremi de Transportes y Telecomunicaciones de Valpara\u00edso, donde se detallar\u00e1 el proceso para [&hellip;]<\/p>\n","protected":false},"author":2,"featured_media":5865,"comment_status":"closed","ping_status":"open","sticky":false,"template":"","format":"standard","meta":[],"categories":[4],"tags":[],"_links":{"self":[{"href":"https:\/\/latinaradio.cl\/index.php\/wp-json\/wp\/v2\/posts\/5864"}],"collection":[{"href":"https:\/\/latinaradio.cl\/index.php\/wp-json\/wp\/v2\/posts"}],"about":[{"href":"https:\/\/latinaradio.cl\/index.php\/wp-json\/wp\/v2\/types\/post"}],"author":[{"embeddable":true,"href":"https:\/\/latinaradio.cl\/index.php\/wp-json\/wp\/v2\/users\/2"}],"replies":[{"embeddable":true,"href":"https:\/\/latinaradio.cl\/index.php\/wp-json\/wp\/v2\/comments?post=5864"}],"version-history":[{"count":1,"href":"https:\/\/latinaradio.cl\/index.php\/wp-json\/wp\/v2\/posts\/5864\/revisions"}],"predecessor-version":[{"id":5866,"href":"https:\/\/latinaradio.cl\/index.php\/wp-json\/wp\/v2\/posts\/5864\/revisions\/5866"}],"wp:featuredmedia":[{"embeddable":true,"href":"https:\/\/latinaradio.cl\/index.php\/wp-json\/wp\/v2\/media\/5865"}],"wp:attachment":[{"href":"https:\/\/latinaradio.cl\/index.php\/wp-json\/wp\/v2\/media?parent=5864"}],"wp:term":[{"taxonomy":"category","embeddable":true,"href":"https:\/\/latinaradio.cl\/index.php\/wp-json\/wp\/v2\/categories?post=5864"},{"taxonomy":"post_tag","embeddable":true,"href":"https:\/\/latinaradio.cl\/index.php\/wp-json\/wp\/v2\/tags?post=5864"}],"curies":[{"name":"wp","href":"https:\/\/api.w.org\/{rel}","templated":true}]}}