{"id":5871,"date":"2026-04-29T10:11:42","date_gmt":"2026-04-29T13:11:42","guid":{"rendered":"https:\/\/latinaradio.cl\/?p=5871"},"modified":"2026-04-29T10:11:42","modified_gmt":"2026-04-29T13:11:42","slug":"alemania-avanza-en-impuesto-a-bebidas-azucaradas-para-combatir-el-consumo-de-azucar","status":"publish","type":"post","link":"https:\/\/latinaradio.cl\/index.php\/2026\/04\/29\/alemania-avanza-en-impuesto-a-bebidas-azucaradas-para-combatir-el-consumo-de-azucar\/","title":{"rendered":"Alemania avanza en impuesto a bebidas azucaradas para combatir el consumo de az\u00facar"},"content":{"rendered":"<section class=\"text-token-text-primary w-full focus:outline-none [--shadow-height:45px] has-data-writing-block:pointer-events-none has-data-writing-block:-mt-(--shadow-height) has-data-writing-block:pt-(--shadow-height) [&amp;:has([data-writing-block])&gt;*]:pointer-events-auto [content-visibility:auto] supports-[content-visibility:auto]:[contain-intrinsic-size:auto_100lvh] R6Vx5W_threadScrollVars scroll-mb-[calc(var(--scroll-root-safe-area-inset-bottom,0px)+var(--thread-response-height))] scroll-mt-[calc(var(--header-height)+min(200px,max(70px,20svh)))]\" dir=\"auto\" data-turn-id=\"request-69c341f4-f1d0-83e9-be36-0797751e24a8-19\" data-testid=\"conversation-turn-558\" data-scroll-anchor=\"false\" data-turn=\"assistant\">\n<div class=\"text-base my-auto mx-auto pb-10 [--thread-content-margin:var(--thread-content-margin-xs,calc(var(--spacing)*4))] @w-sm\/main:[--thread-content-margin:var(--thread-content-margin-sm,calc(var(--spacing)*6))] @w-lg\/main:[--thread-content-margin:var(--thread-content-margin-lg,calc(var(--spacing)*16))] px-(--thread-content-margin)\">\n<div class=\"[--thread-content-max-width:40rem] @w-lg\/main:[--thread-content-max-width:48rem] mx-auto max-w-(--thread-content-max-width) flex-1 group\/turn-messages focus-visible:outline-hidden relative flex w-full min-w-0 flex-col agent-turn\">\n<div class=\"flex max-w-full flex-col gap-4 grow\">\n<div class=\"min-h-8 text-message relative flex w-full flex-col items-end gap-2 text-start break-words whitespace-normal outline-none keyboard-focused:focus-ring [.text-message+&amp;]:mt-1\" dir=\"auto\" tabindex=\"0\" data-message-author-role=\"assistant\" data-message-id=\"c4587eab-b027-4c91-95f1-dc9609a39e34\" data-message-model-slug=\"gpt-5-3\" data-turn-start-message=\"true\">\n<div class=\"flex w-full flex-col gap-1 empty:hidden\">\n<div class=\"markdown prose dark:prose-invert w-full wrap-break-word dark markdown-new-styling\">\n<p data-start=\"89\" data-end=\"306\"><span class=\"hover:entity-accent entity-underline inline cursor-pointer align-baseline\"><span class=\"whitespace-normal\">Alemania<\/span><\/span> est\u00e1 impulsando una nueva medida de salud p\u00fablica: un impuesto a las bebidas azucaradas que busca reducir su consumo y, al mismo tiempo, generar recursos para el sistema de salud.<\/p>\n<p data-start=\"308\" data-end=\"510\">La iniciativa, promovida por la <span class=\"hover:entity-accent entity-underline inline cursor-pointer align-baseline\"><span class=\"whitespace-normal\">Uni\u00f3n Dem\u00f3crata Cristiana<\/span><\/span>, apunta especialmente a disminuir la ingesta de az\u00facar en ni\u00f1os y j\u00f3venes, uno de los grupos m\u00e1s expuestos a este tipo de productos.<\/p>\n<p data-start=\"512\" data-end=\"727\">El impuesto se aplicar\u00eda de manera selectiva. Solo afectar\u00e1 a las bebidas que superen los cinco gramos de az\u00facar por cada 100 mililitros, mientras que aquellas por debajo de ese l\u00edmite quedar\u00edan libres del gravamen.<\/p>\n<p data-start=\"729\" data-end=\"925\">Con este modelo, no solo se busca desincentivar el consumo, sino tambi\u00e9n empujar a las empresas a reformular sus productos, reduciendo el contenido de az\u00facar y haciendo sus bebidas m\u00e1s saludables.<\/p>\n<p data-start=\"927\" data-end=\"1074\" data-is-last-node=\"\" data-is-only-node=\"\">En simple, Alemania quiere cobrar m\u00e1s impuestos a las bebidas con alto az\u00facar para que la gente consuma menos y las empresas mejoren sus productos.<\/p>\n<\/div>\n<\/div>\n<\/div>\n<\/div>\n<div class=\"z-0 flex min-h-[46px] justify-start\"><\/div>\n<div class=\"mt-3 w-full empty:hidden\">\n<div class=\"text-center\"><\/div>\n<\/div>\n<\/div>\n<\/div>\n<\/section>\n<div class=\"pointer-events-none -mt-px h-px translate-y-[calc(var(--scroll-root-safe-area-inset-bottom)-14*var(--spacing))]\" aria-hidden=\"true\"><\/div>\n","protected":false},"excerpt":{"rendered":"<p>Alemania est\u00e1 impulsando una nueva medida de salud p\u00fablica: un impuesto a las bebidas azucaradas que busca reducir su consumo y, al mismo tiempo, generar recursos para el sistema de salud. La iniciativa, promovida por la Uni\u00f3n Dem\u00f3crata Cristiana, apunta especialmente a disminuir la ingesta de az\u00facar en ni\u00f1os y j\u00f3venes, uno de los grupos [&hellip;]<\/p>\n","protected":false},"author":2,"featured_media":5872,"comment_status":"closed","ping_status":"open","sticky":false,"template":"","format":"standard","meta":[],"categories":[1],"tags":[],"_links":{"self":[{"href":"https:\/\/latinaradio.cl\/index.php\/wp-json\/wp\/v2\/posts\/5871"}],"collection":[{"href":"https:\/\/latinaradio.cl\/index.php\/wp-json\/wp\/v2\/posts"}],"about":[{"href":"https:\/\/latinaradio.cl\/index.php\/wp-json\/wp\/v2\/types\/post"}],"author":[{"embeddable":true,"href":"https:\/\/latinaradio.cl\/index.php\/wp-json\/wp\/v2\/users\/2"}],"replies":[{"embeddable":true,"href":"https:\/\/latinaradio.cl\/index.php\/wp-json\/wp\/v2\/comments?post=5871"}],"version-history":[{"count":1,"href":"https:\/\/latinaradio.cl\/index.php\/wp-json\/wp\/v2\/posts\/5871\/revisions"}],"predecessor-version":[{"id":5873,"href":"https:\/\/latinaradio.cl\/index.php\/wp-json\/wp\/v2\/posts\/5871\/revisions\/5873"}],"wp:featuredmedia":[{"embeddable":true,"href":"https:\/\/latinaradio.cl\/index.php\/wp-json\/wp\/v2\/media\/5872"}],"wp:attachment":[{"href":"https:\/\/latinaradio.cl\/index.php\/wp-json\/wp\/v2\/media?parent=5871"}],"wp:term":[{"taxonomy":"category","embeddable":true,"href":"https:\/\/latinaradio.cl\/index.php\/wp-json\/wp\/v2\/categories?post=5871"},{"taxonomy":"post_tag","embeddable":true,"href":"https:\/\/latinaradio.cl\/index.php\/wp-json\/wp\/v2\/tags?post=5871"}],"curies":[{"name":"wp","href":"https:\/\/api.w.org\/{rel}","templated":true}]}}