{"id":5874,"date":"2026-04-29T10:16:26","date_gmt":"2026-04-29T13:16:26","guid":{"rendered":"https:\/\/latinaradio.cl\/?p=5874"},"modified":"2026-04-29T10:16:26","modified_gmt":"2026-04-29T13:16:26","slug":"cut-y-gobierno-no-logran-acuerdo-por-sueldo-minimo-y-diferencias-llegan-al-congreso","status":"publish","type":"post","link":"https:\/\/latinaradio.cl\/index.php\/2026\/04\/29\/cut-y-gobierno-no-logran-acuerdo-por-sueldo-minimo-y-diferencias-llegan-al-congreso\/","title":{"rendered":"CUT y Gobierno no logran acuerdo por sueldo m\u00ednimo y diferencias llegan al Congreso"},"content":{"rendered":"<p data-start=\"89\" data-end=\"313\">El presidente de la <span class=\"hover:entity-accent entity-underline inline cursor-pointer align-baseline\"><span class=\"whitespace-normal\">Central Unitaria de Trabajadores<\/span><\/span>, <span class=\"hover:entity-accent entity-underline inline cursor-pointer align-baseline\"><span class=\"whitespace-normal\">Jos\u00e9 Manuel D\u00edaz<\/span><\/span>, confirm\u00f3 que no hubo acuerdo con el <span class=\"hover:entity-accent entity-underline inline cursor-pointer align-baseline\"><span class=\"whitespace-normal\">Ministerio de Hacienda<\/span><\/span> en la negociaci\u00f3n por el reajuste del sueldo m\u00ednimo.<\/p>\n<p data-start=\"315\" data-end=\"574\">Tras la reuni\u00f3n, el dirigente explic\u00f3 que la CUT busca recuperar el poder adquisitivo de los trabajadores. \u201cQueremos que puedan enfrentar el alza del costo de la vida, pero el Gobierno considera que estos avances pueden afectar la creaci\u00f3n de empleo\u201d, se\u00f1al\u00f3.<\/p>\n<p data-start=\"576\" data-end=\"868\">Desde la multisindical propusieron elevar el sueldo m\u00ednimo a $647 mil, argumentando que responde al impacto de factores como el aumento del precio del petr\u00f3leo y el costo de vida. Sin embargo, el Ejecutivo ofreci\u00f3 un reajuste basado en el IPC, lo que implicar\u00eda un alza cercana a los $23 mil.<\/p>\n<p data-start=\"870\" data-end=\"1127\">D\u00edaz sostuvo que las posiciones est\u00e1n \u201cmuy distantes\u201d y que, ante la falta de acuerdo, el Gobierno enviar\u00e1 su propuesta al Congreso. \u201cNosotros iremos al Parlamento a defender nuestra postura, tanto con parlamentarios oficialistas como de oposici\u00f3n\u201d, indic\u00f3.<\/p>\n<p data-start=\"1129\" data-end=\"1323\" data-is-last-node=\"\" data-is-only-node=\"\">En simple, no hubo acuerdo entre trabajadores y Gobierno: la CUT pide un alza mayor del sueldo m\u00ednimo, mientras el Ejecutivo propone un ajuste m\u00e1s moderado, y ahora el debate pasar\u00e1 al Congreso.<\/p>\n","protected":false},"excerpt":{"rendered":"<p>El presidente de la Central Unitaria de Trabajadores, Jos\u00e9 Manuel D\u00edaz, confirm\u00f3 que no hubo acuerdo con el Ministerio de Hacienda en la negociaci\u00f3n por el reajuste del sueldo m\u00ednimo. Tras la reuni\u00f3n, el dirigente explic\u00f3 que la CUT busca recuperar el poder adquisitivo de los trabajadores. \u201cQueremos que puedan enfrentar el alza del costo [&hellip;]<\/p>\n","protected":false},"author":2,"featured_media":5875,"comment_status":"closed","ping_status":"open","sticky":false,"template":"","format":"standard","meta":[],"categories":[3],"tags":[],"_links":{"self":[{"href":"https:\/\/latinaradio.cl\/index.php\/wp-json\/wp\/v2\/posts\/5874"}],"collection":[{"href":"https:\/\/latinaradio.cl\/index.php\/wp-json\/wp\/v2\/posts"}],"about":[{"href":"https:\/\/latinaradio.cl\/index.php\/wp-json\/wp\/v2\/types\/post"}],"author":[{"embeddable":true,"href":"https:\/\/latinaradio.cl\/index.php\/wp-json\/wp\/v2\/users\/2"}],"replies":[{"embeddable":true,"href":"https:\/\/latinaradio.cl\/index.php\/wp-json\/wp\/v2\/comments?post=5874"}],"version-history":[{"count":1,"href":"https:\/\/latinaradio.cl\/index.php\/wp-json\/wp\/v2\/posts\/5874\/revisions"}],"predecessor-version":[{"id":5876,"href":"https:\/\/latinaradio.cl\/index.php\/wp-json\/wp\/v2\/posts\/5874\/revisions\/5876"}],"wp:featuredmedia":[{"embeddable":true,"href":"https:\/\/latinaradio.cl\/index.php\/wp-json\/wp\/v2\/media\/5875"}],"wp:attachment":[{"href":"https:\/\/latinaradio.cl\/index.php\/wp-json\/wp\/v2\/media?parent=5874"}],"wp:term":[{"taxonomy":"category","embeddable":true,"href":"https:\/\/latinaradio.cl\/index.php\/wp-json\/wp\/v2\/categories?post=5874"},{"taxonomy":"post_tag","embeddable":true,"href":"https:\/\/latinaradio.cl\/index.php\/wp-json\/wp\/v2\/tags?post=5874"}],"curies":[{"name":"wp","href":"https:\/\/api.w.org\/{rel}","templated":true}]}}