{"id":5877,"date":"2026-04-29T10:27:26","date_gmt":"2026-04-29T13:27:26","guid":{"rendered":"https:\/\/latinaradio.cl\/?p=5877"},"modified":"2026-04-29T10:27:26","modified_gmt":"2026-04-29T13:27:26","slug":"liberan-con-vida-a-empresario-secuestrado-en-san-miguel-hay-cuatro-detenidos","status":"publish","type":"post","link":"https:\/\/latinaradio.cl\/index.php\/2026\/04\/29\/liberan-con-vida-a-empresario-secuestrado-en-san-miguel-hay-cuatro-detenidos\/","title":{"rendered":"Liberan con vida a empresario secuestrado en San Miguel: hay cuatro detenidos"},"content":{"rendered":"<section class=\"text-token-text-primary w-full focus:outline-none [--shadow-height:45px] has-data-writing-block:pointer-events-none has-data-writing-block:-mt-(--shadow-height) has-data-writing-block:pt-(--shadow-height) [&amp;:has([data-writing-block])&gt;*]:pointer-events-auto [content-visibility:auto] supports-[content-visibility:auto]:[contain-intrinsic-size:auto_100lvh] R6Vx5W_threadScrollVars scroll-mb-[calc(var(--scroll-root-safe-area-inset-bottom,0px)+var(--thread-response-height))] scroll-mt-[calc(var(--header-height)+min(200px,max(70px,20svh)))]\" dir=\"auto\" data-turn-id=\"request-69c341f4-f1d0-83e9-be36-0797751e24a8-21\" data-testid=\"conversation-turn-562\" data-scroll-anchor=\"false\" data-turn=\"assistant\">\n<div class=\"text-base my-auto mx-auto pb-10 [--thread-content-margin:var(--thread-content-margin-xs,calc(var(--spacing)*4))] @w-sm\/main:[--thread-content-margin:var(--thread-content-margin-sm,calc(var(--spacing)*6))] @w-lg\/main:[--thread-content-margin:var(--thread-content-margin-lg,calc(var(--spacing)*16))] px-(--thread-content-margin)\">\n<div class=\"[--thread-content-max-width:40rem] @w-lg\/main:[--thread-content-max-width:48rem] mx-auto max-w-(--thread-content-max-width) flex-1 group\/turn-messages focus-visible:outline-hidden relative flex w-full min-w-0 flex-col agent-turn\">\n<div class=\"flex max-w-full flex-col gap-4 grow\">\n<div class=\"min-h-8 text-message relative flex w-full flex-col items-end gap-2 text-start break-words whitespace-normal outline-none keyboard-focused:focus-ring [.text-message+&amp;]:mt-1\" dir=\"auto\" tabindex=\"0\" data-message-author-role=\"assistant\" data-message-id=\"cd16d172-8ac1-4d9d-bf51-ae737581c162\" data-message-model-slug=\"gpt-5-3\" data-turn-start-message=\"true\">\n<div class=\"flex w-full flex-col gap-1 empty:hidden\">\n<div class=\"markdown prose dark:prose-invert w-full wrap-break-word dark markdown-new-styling\">\n<p data-start=\"83\" data-end=\"267\">La <span class=\"hover:entity-accent entity-underline inline cursor-pointer align-baseline\"><span class=\"whitespace-normal\">Fiscal\u00eda ECOH<\/span><\/span> confirm\u00f3 la liberaci\u00f3n con vida del empresario de 84 a\u00f1os que hab\u00eda sido secuestrado la semana pasada en <span class=\"hover:entity-accent entity-underline inline cursor-pointer align-baseline\"><span class=\"whitespace-normal\">San Miguel<\/span><\/span>.<\/p>\n<p data-start=\"269\" data-end=\"652\">Se trata de <span class=\"hover:entity-accent entity-underline inline cursor-pointer align-baseline\"><span class=\"whitespace-normal\">Jorge Vera<\/span><\/span>, quien fue encontrado en la comuna de <span class=\"hover:entity-accent entity-underline inline cursor-pointer align-baseline\"><span class=\"whitespace-normal\">Colina<\/span><\/span>, luego de un operativo que, seg\u00fan la <span class=\"hover:entity-accent entity-underline inline cursor-pointer align-baseline\"><span class=\"whitespace-normal\">Polic\u00eda de Investigaciones de Chile<\/span><\/span>, fue resultado de intensas negociaciones. Tras ser identificado por vecinos que alertaron a Carabineros, el adulto mayor fue trasladado a un centro de salud para constatar su estado.<\/p>\n<p data-start=\"654\" data-end=\"832\">De manera preliminar, se indica que se habr\u00eda pagado un rescate cercano a los 50 millones de pesos para lograr su liberaci\u00f3n, aunque este antecedente a\u00fan est\u00e1 siendo investigado.<\/p>\n<p data-start=\"834\" data-end=\"1151\">En paralelo, el director general de la PDI, <span class=\"hover:entity-accent entity-underline inline cursor-pointer align-baseline\"><span class=\"whitespace-normal\">Eduardo Cerna<\/span><\/span>, confirm\u00f3 la detenci\u00f3n de cuatro personas presuntamente involucradas en el secuestro: tres ciudadanos extranjeros y un chileno. Seg\u00fan los primeros antecedentes, la v\u00edctima habr\u00eda permanecido vendada durante los d\u00edas que estuvo cautiva.<\/p>\n<p data-start=\"1153\" data-end=\"1268\">El caso sigue en desarrollo y no se descarta que surjan nuevos antecedentes sobre la banda y la forma en que oper\u00f3.<\/p>\n<p data-start=\"1270\" data-end=\"1416\" data-is-last-node=\"\" data-is-only-node=\"\">En simple, el empresario fue liberado con vida tras varios d\u00edas secuestrado, y ya hay cuatro detenidos por su presunta participaci\u00f3n en el delito.<\/p>\n<\/div>\n<\/div>\n<\/div>\n<\/div>\n<div class=\"z-0 flex min-h-[46px] justify-start\"><\/div>\n<div class=\"mt-3 w-full empty:hidden\">\n<div class=\"text-center\"><\/div>\n<\/div>\n<\/div>\n<\/div>\n<\/section>\n<div class=\"pointer-events-none -mt-px h-px translate-y-[calc(var(--scroll-root-safe-area-inset-bottom)-14*var(--spacing))]\" aria-hidden=\"true\"><\/div>\n","protected":false},"excerpt":{"rendered":"<p>La Fiscal\u00eda ECOH confirm\u00f3 la liberaci\u00f3n con vida del empresario de 84 a\u00f1os que hab\u00eda sido secuestrado la semana pasada en San Miguel. Se trata de Jorge Vera, quien fue encontrado en la comuna de Colina, luego de un operativo que, seg\u00fan la Polic\u00eda de Investigaciones de Chile, fue resultado de intensas negociaciones. Tras ser [&hellip;]<\/p>\n","protected":false},"author":2,"featured_media":5878,"comment_status":"closed","ping_status":"open","sticky":false,"template":"","format":"standard","meta":[],"categories":[3],"tags":[],"_links":{"self":[{"href":"https:\/\/latinaradio.cl\/index.php\/wp-json\/wp\/v2\/posts\/5877"}],"collection":[{"href":"https:\/\/latinaradio.cl\/index.php\/wp-json\/wp\/v2\/posts"}],"about":[{"href":"https:\/\/latinaradio.cl\/index.php\/wp-json\/wp\/v2\/types\/post"}],"author":[{"embeddable":true,"href":"https:\/\/latinaradio.cl\/index.php\/wp-json\/wp\/v2\/users\/2"}],"replies":[{"embeddable":true,"href":"https:\/\/latinaradio.cl\/index.php\/wp-json\/wp\/v2\/comments?post=5877"}],"version-history":[{"count":1,"href":"https:\/\/latinaradio.cl\/index.php\/wp-json\/wp\/v2\/posts\/5877\/revisions"}],"predecessor-version":[{"id":5879,"href":"https:\/\/latinaradio.cl\/index.php\/wp-json\/wp\/v2\/posts\/5877\/revisions\/5879"}],"wp:featuredmedia":[{"embeddable":true,"href":"https:\/\/latinaradio.cl\/index.php\/wp-json\/wp\/v2\/media\/5878"}],"wp:attachment":[{"href":"https:\/\/latinaradio.cl\/index.php\/wp-json\/wp\/v2\/media?parent=5877"}],"wp:term":[{"taxonomy":"category","embeddable":true,"href":"https:\/\/latinaradio.cl\/index.php\/wp-json\/wp\/v2\/categories?post=5877"},{"taxonomy":"post_tag","embeddable":true,"href":"https:\/\/latinaradio.cl\/index.php\/wp-json\/wp\/v2\/tags?post=5877"}],"curies":[{"name":"wp","href":"https:\/\/api.w.org\/{rel}","templated":true}]}}