{"id":588,"date":"2025-05-20T23:46:14","date_gmt":"2025-05-21T02:46:14","guid":{"rendered":"https:\/\/latinaradio.cl\/?p=588"},"modified":"2025-05-20T23:46:14","modified_gmt":"2025-05-21T02:46:14","slug":"embalse-los-aromos-garantiza-agua-hasta-junio-de-2026-y-podria-extenderse-hasta-2027","status":"publish","type":"post","link":"https:\/\/latinaradio.cl\/index.php\/2025\/05\/20\/embalse-los-aromos-garantiza-agua-hasta-junio-de-2026-y-podria-extenderse-hasta-2027\/","title":{"rendered":"Embalse Los Aromos garantiza agua hasta junio de 2026 (y podr\u00eda extenderse hasta 2027)"},"content":{"rendered":"<article class=\"text-token-text-primary w-full\" dir=\"auto\" data-testid=\"conversation-turn-6\" data-scroll-anchor=\"true\">\n<div class=\"text-base my-auto mx-auto py-5 [--thread-content-margin:--spacing(4)] @[37rem]:[--thread-content-margin:--spacing(6)] @[72rem]:[--thread-content-margin:--spacing(16)] px-(--thread-content-margin)\">\n<div class=\"[--thread-content-max-width:32rem] @[34rem]:[--thread-content-max-width:40rem] @[64rem]:[--thread-content-max-width:48rem] mx-auto flex max-w-(--thread-content-max-width) flex-1 text-base gap-4 md:gap-5 lg:gap-6 group\/turn-messages focus-visible:outline-hidden\" tabindex=\"-1\">\n<div class=\"group\/conversation-turn relative flex w-full min-w-0 flex-col agent-turn\">\n<div class=\"relative flex-col gap-1 md:gap-3\">\n<div class=\"flex max-w-full flex-col grow\">\n<div class=\"min-h-8 text-message relative flex w-full flex-col items-end gap-2 text-start break-words whitespace-normal [.text-message+&amp;]:mt-5\" dir=\"auto\" data-message-author-role=\"assistant\" data-message-id=\"0ed5befa-d0c3-4762-9aa4-86f932447859\" data-message-model-slug=\"o4-mini\">\n<div class=\"flex w-full flex-col gap-1 empty:hidden first:pt-[3px]\">\n<div class=\"markdown prose dark:prose-invert w-full break-words dark\">\n<p class=\"\" data-start=\"126\" data-end=\"355\">El embalse Los Aromos, en la Regi\u00f3n de Valpara\u00edso, ya cuenta con 22,6 hect\u00f3metros c\u00fabicos de agua el 64 % de su capacidad, lo que asegura el suministro de agua potable para m\u00e1s de 1,5 millones de personas hasta junio de 2026.<\/p>\n<ul data-start=\"391\" data-end=\"1071\">\n<li class=\"\" data-start=\"391\" data-end=\"540\">\n<p class=\"\" data-start=\"393\" data-end=\"540\"><strong data-start=\"393\" data-end=\"420\">\u00bfQui\u00e9nes se benefician?<\/strong><br data-start=\"420\" data-end=\"423\">Las comunas de Valpara\u00edso, Vi\u00f1a del Mar, Quilpu\u00e9, Villa Alemana, Conc\u00f3n, Quintero, Puchuncav\u00ed, Papudo y Zapallar.<\/p>\n<\/li>\n<li class=\"\" data-start=\"541\" data-end=\"687\">\n<p class=\"\" data-start=\"543\" data-end=\"687\"><strong data-start=\"543\" data-end=\"564\">\u00bfC\u00f3mo se recarga?<\/strong><br data-start=\"564\" data-end=\"567\">Durante el invierno se bombea agua del r\u00edo Aconcagua hacia el embalse gracias a un sistema reversible de conducci\u00f3n.<\/p>\n<\/li>\n<li class=\"\" data-start=\"688\" data-end=\"859\">\n<p class=\"\" data-start=\"690\" data-end=\"859\"><strong data-start=\"690\" data-end=\"717\">\u00bfPor qu\u00e9 es importante?<\/strong><br data-start=\"717\" data-end=\"720\">Este proceso refuerza la seguridad h\u00eddrica ante posibles sequ\u00edas y, de continuar con la recarga, podr\u00eda extender la reserva hasta 2027.<\/p>\n<\/li>\n<li class=\"\" data-start=\"860\" data-end=\"1071\">\n<p class=\"\" data-start=\"862\" data-end=\"884\"><strong data-start=\"862\" data-end=\"882\">Medidas de apoyo<\/strong><\/p>\n<ol data-start=\"887\" data-end=\"1071\">\n<li class=\"\" data-start=\"887\" data-end=\"967\">\n<p class=\"\" data-start=\"890\" data-end=\"967\">Cierre de bocatomas irregulares ordenado por la Direcci\u00f3n General de Aguas.<\/p>\n<\/li>\n<li class=\"\" data-start=\"970\" data-end=\"1071\">\n<p class=\"\" data-start=\"973\" data-end=\"1071\">Coordinaci\u00f3n entre la Delegaci\u00f3n Presidencial, la Seremi de Obras P\u00fablicas y la sanitaria Esval.<\/p>\n<\/li>\n<\/ol>\n<\/li>\n<\/ul>\n<blockquote data-start=\"1073\" data-end=\"1255\">\n<p class=\"\" data-start=\"1075\" data-end=\"1255\">\u201cYa tenemos asegurado el consumo hasta junio del pr\u00f3ximo a\u00f1o y seguiremos llenando el embalse para mantener la certeza h\u00eddrica de la regi\u00f3n\u201d, explic\u00f3 el delegado Yanino Riquelme.<\/p>\n<\/blockquote>\n<p class=\"\" data-start=\"1257\" data-end=\"1385\">Con estas acciones, la Regi\u00f3n de Valpara\u00edso refuerza su capacidad para enfrentar la escasez de agua y proteger a sus habitantes.<\/p>\n<\/div>\n<\/div>\n<\/div>\n<\/div>\n<div class=\"flex justify-start\">\n<div class=\"touch:-me-2 touch:-ms-3.5 -ms-2.5 -me-1 flex items-center p-1 select-none -mt-1 duration-[1.5s] focus-within:transition-none hover:transition-none pointer-events-none [mask-image:linear-gradient(to_right,black_33%,transparent_66%)] [mask-size:300%_100%] [mask-position:100%_0%] motion-safe:transition-[mask-position] group-hover\/turn-messages:pointer-events-auto group-hover\/turn-messages:[mask-position:0_0] group-focus-within\/turn-messages:pointer-events-auto group-focus-within\/turn-messages:[mask-position:0_0] has-data-[state=open]:pointer-events-auto has-data-[state=open]:[mask-position:0_0]\"><\/div>\n<\/div>\n<div class=\"mt-3 w-full empty:hidden\">\n<div class=\"text-center\"><\/div>\n<\/div>\n<\/div>\n<div class=\"absolute\">\n<div class=\"flex items-center justify-center\"><\/div>\n<\/div>\n<\/div>\n<\/div>\n<\/div>\n<\/article>\n<div class=\"pointer-events-none h-px w-px\" aria-hidden=\"true\" data-edge=\"true\"><\/div>\n","protected":false},"excerpt":{"rendered":"<p>El embalse Los Aromos, en la Regi\u00f3n de Valpara\u00edso, ya cuenta con 22,6 hect\u00f3metros c\u00fabicos de agua el 64 % de su capacidad, lo que asegura el suministro de agua potable para m\u00e1s de 1,5 millones de personas hasta junio de 2026. \u00bfQui\u00e9nes se benefician?Las comunas de Valpara\u00edso, Vi\u00f1a del Mar, Quilpu\u00e9, Villa Alemana, Conc\u00f3n, [&hellip;]<\/p>\n","protected":false},"author":2,"featured_media":589,"comment_status":"closed","ping_status":"open","sticky":false,"template":"","format":"standard","meta":[],"categories":[4],"tags":[],"_links":{"self":[{"href":"https:\/\/latinaradio.cl\/index.php\/wp-json\/wp\/v2\/posts\/588"}],"collection":[{"href":"https:\/\/latinaradio.cl\/index.php\/wp-json\/wp\/v2\/posts"}],"about":[{"href":"https:\/\/latinaradio.cl\/index.php\/wp-json\/wp\/v2\/types\/post"}],"author":[{"embeddable":true,"href":"https:\/\/latinaradio.cl\/index.php\/wp-json\/wp\/v2\/users\/2"}],"replies":[{"embeddable":true,"href":"https:\/\/latinaradio.cl\/index.php\/wp-json\/wp\/v2\/comments?post=588"}],"version-history":[{"count":1,"href":"https:\/\/latinaradio.cl\/index.php\/wp-json\/wp\/v2\/posts\/588\/revisions"}],"predecessor-version":[{"id":590,"href":"https:\/\/latinaradio.cl\/index.php\/wp-json\/wp\/v2\/posts\/588\/revisions\/590"}],"wp:featuredmedia":[{"embeddable":true,"href":"https:\/\/latinaradio.cl\/index.php\/wp-json\/wp\/v2\/media\/589"}],"wp:attachment":[{"href":"https:\/\/latinaradio.cl\/index.php\/wp-json\/wp\/v2\/media?parent=588"}],"wp:term":[{"taxonomy":"category","embeddable":true,"href":"https:\/\/latinaradio.cl\/index.php\/wp-json\/wp\/v2\/categories?post=588"},{"taxonomy":"post_tag","embeddable":true,"href":"https:\/\/latinaradio.cl\/index.php\/wp-json\/wp\/v2\/tags?post=588"}],"curies":[{"name":"wp","href":"https:\/\/api.w.org\/{rel}","templated":true}]}}