{"id":5883,"date":"2026-04-29T10:47:14","date_gmt":"2026-04-29T13:47:14","guid":{"rendered":"https:\/\/latinaradio.cl\/?p=5883"},"modified":"2026-04-29T10:47:14","modified_gmt":"2026-04-29T13:47:14","slug":"fernando-ubiergo-y-chinoy-destacan-entre-los-nominados-a-mejor-interprete-vocal-en-los-premios-pulsar-2026","status":"publish","type":"post","link":"https:\/\/latinaradio.cl\/index.php\/2026\/04\/29\/fernando-ubiergo-y-chinoy-destacan-entre-los-nominados-a-mejor-interprete-vocal-en-los-premios-pulsar-2026\/","title":{"rendered":"Fernando Ubiergo y Chinoy destacan entre los nominados a Mejor Int\u00e9rprete Vocal en los Premios Pulsar 2026"},"content":{"rendered":"<p data-start=\"112\" data-end=\"335\">El cantante <span class=\"hover:entity-accent entity-underline inline cursor-pointer align-baseline\"><span class=\"whitespace-normal\">Fernando Ubiergo<\/span><\/span> fue nominado a la categor\u00eda de Mejor Int\u00e9rprete Vocal del A\u00f1o en los <span class=\"hover:entity-accent entity-underline inline cursor-pointer align-baseline\"><span class=\"whitespace-normal\">Premios Pulsar 2026<\/span><\/span>, uno de los reconocimientos m\u00e1s importantes de la m\u00fasica nacional.<\/p>\n<p data-start=\"337\" data-end=\"521\">En la misma categor\u00eda tambi\u00e9n figura <span class=\"hover:entity-accent entity-underline inline cursor-pointer align-baseline\"><span class=\"whitespace-normal\">Chinoy<\/span><\/span>, quien suma una destacada nominaci\u00f3n en esta edici\u00f3n, consolidando su presencia en la escena musical chilena.<\/p>\n<p data-start=\"523\" data-end=\"597\">La lista completa de nominados a Int\u00e9rprete Vocal del A\u00f1o es la siguiente:<\/p>\n<ul data-start=\"599\" data-end=\"808\">\n<li data-section-id=\"cgv1px\" data-start=\"599\" data-end=\"640\"><span class=\"hover:entity-accent entity-underline inline cursor-pointer align-baseline\"><span class=\"whitespace-normal\">Chinoy<\/span><\/span><\/li>\n<li data-section-id=\"eyrt5h\" data-start=\"641\" data-end=\"682\"><span class=\"hover:entity-accent entity-underline inline cursor-pointer align-baseline\"><span class=\"whitespace-normal\">Fernando Ubiergo<\/span><\/span><\/li>\n<li data-section-id=\"hjs5dh\" data-start=\"683\" data-end=\"724\"><span class=\"hover:entity-accent entity-underline inline cursor-pointer align-baseline\"><span class=\"whitespace-normal\">Gloria Simonetti<\/span><\/span><\/li>\n<li data-section-id=\"pzvh1x\" data-start=\"725\" data-end=\"766\"><span class=\"hover:entity-accent entity-underline inline cursor-pointer align-baseline\"><span class=\"whitespace-normal\">Jordan<\/span><\/span><\/li>\n<li data-section-id=\"1l5awad\" data-start=\"767\" data-end=\"808\"><span class=\"hover:entity-accent entity-underline inline cursor-pointer align-baseline\"><span class=\"whitespace-normal\">Mon Laferte<\/span><\/span><\/li>\n<\/ul>\n<p data-start=\"810\" data-end=\"930\">La categor\u00eda re\u00fane a artistas de distintas generaciones y estilos, reflejando la diversidad de la m\u00fasica chilena actual.<\/p>\n<p data-start=\"932\" data-end=\"1078\" data-is-last-node=\"\" data-is-only-node=\"\">En simple, Ubiergo y Chinoy destacan entre los nominados en una categor\u00eda que mezcla trayectoria y nuevas propuestas dentro de la m\u00fasica nacional.<\/p>\n","protected":false},"excerpt":{"rendered":"<p>El cantante Fernando Ubiergo fue nominado a la categor\u00eda de Mejor Int\u00e9rprete Vocal del A\u00f1o en los Premios Pulsar 2026, uno de los reconocimientos m\u00e1s importantes de la m\u00fasica nacional. En la misma categor\u00eda tambi\u00e9n figura Chinoy, quien suma una destacada nominaci\u00f3n en esta edici\u00f3n, consolidando su presencia en la escena musical chilena. La lista [&hellip;]<\/p>\n","protected":false},"author":2,"featured_media":5884,"comment_status":"closed","ping_status":"open","sticky":false,"template":"","format":"standard","meta":[],"categories":[8],"tags":[],"_links":{"self":[{"href":"https:\/\/latinaradio.cl\/index.php\/wp-json\/wp\/v2\/posts\/5883"}],"collection":[{"href":"https:\/\/latinaradio.cl\/index.php\/wp-json\/wp\/v2\/posts"}],"about":[{"href":"https:\/\/latinaradio.cl\/index.php\/wp-json\/wp\/v2\/types\/post"}],"author":[{"embeddable":true,"href":"https:\/\/latinaradio.cl\/index.php\/wp-json\/wp\/v2\/users\/2"}],"replies":[{"embeddable":true,"href":"https:\/\/latinaradio.cl\/index.php\/wp-json\/wp\/v2\/comments?post=5883"}],"version-history":[{"count":1,"href":"https:\/\/latinaradio.cl\/index.php\/wp-json\/wp\/v2\/posts\/5883\/revisions"}],"predecessor-version":[{"id":5885,"href":"https:\/\/latinaradio.cl\/index.php\/wp-json\/wp\/v2\/posts\/5883\/revisions\/5885"}],"wp:featuredmedia":[{"embeddable":true,"href":"https:\/\/latinaradio.cl\/index.php\/wp-json\/wp\/v2\/media\/5884"}],"wp:attachment":[{"href":"https:\/\/latinaradio.cl\/index.php\/wp-json\/wp\/v2\/media?parent=5883"}],"wp:term":[{"taxonomy":"category","embeddable":true,"href":"https:\/\/latinaradio.cl\/index.php\/wp-json\/wp\/v2\/categories?post=5883"},{"taxonomy":"post_tag","embeddable":true,"href":"https:\/\/latinaradio.cl\/index.php\/wp-json\/wp\/v2\/tags?post=5883"}],"curies":[{"name":"wp","href":"https:\/\/api.w.org\/{rel}","templated":true}]}}