{"id":5886,"date":"2026-04-29T10:56:35","date_gmt":"2026-04-29T13:56:35","guid":{"rendered":"https:\/\/latinaradio.cl\/?p=5886"},"modified":"2026-04-29T10:56:35","modified_gmt":"2026-04-29T13:56:35","slug":"propuesta-de-hacienda-por-recortes-a-programas-sociales-abre-fuerte-debate-politico","status":"publish","type":"post","link":"https:\/\/latinaradio.cl\/index.php\/2026\/04\/29\/propuesta-de-hacienda-por-recortes-a-programas-sociales-abre-fuerte-debate-politico\/","title":{"rendered":"Propuesta de Hacienda por recortes a programas sociales abre fuerte debate pol\u00edtico"},"content":{"rendered":"<p data-start=\"89\" data-end=\"329\">Una serie de recomendaciones elaboradas por el <span class=\"hover:entity-accent entity-underline inline cursor-pointer align-baseline\"><span class=\"whitespace-normal\">Ministerio de Hacienda<\/span><\/span> encendi\u00f3 la discusi\u00f3n p\u00fablica, luego de plantear un ajuste significativo al gasto social que podr\u00eda impactar a cientos de programas y beneficios estatales.<\/p>\n<p data-start=\"331\" data-end=\"592\">De acuerdo al informe, se propone descontinuar 142 programas sociales, entre ellos iniciativas vinculadas a alimentaci\u00f3n escolar y seguridad p\u00fablica, adem\u00e1s de aplicar recortes de al menos un 15% al presupuesto de otros 260 planes actualmente en funcionamiento.<\/p>\n<p data-start=\"594\" data-end=\"1010\">Dentro de los programas que podr\u00edan verse afectados aparecen beneficios clave como la <span class=\"hover:entity-accent entity-underline inline cursor-pointer align-baseline\"><span class=\"whitespace-normal\">Pensi\u00f3n Garantizada Universal<\/span><\/span>, el financiamiento del transporte p\u00fablico metropolitano, la Pensi\u00f3n B\u00e1sica Solidaria de Invalidez, la Subvenci\u00f3n de Gratuidad, el Aporte Previsional Solidario de Vejez, las inversiones en jardines infantiles y el Bono Invierno, entre otros apoyos dirigidos a distintos grupos de la poblaci\u00f3n.<\/p>\n<p data-start=\"1012\" data-end=\"1323\">El objetivo de estas medidas ser\u00eda reducir el gasto fiscal en aproximadamente $2,8 billones, en un contexto de presi\u00f3n sobre las finanzas p\u00fablicas. Sin embargo, varias de estas propuestas requerir\u00edan la tramitaci\u00f3n de leyes en el Congreso para poder concretarse, por lo que su implementaci\u00f3n no ser\u00eda inmediata.<\/p>\n<p data-start=\"1325\" data-end=\"1689\">Este escenario ha generado cr\u00edticas y cuestionamientos desde distintos sectores, especialmente porque durante la campa\u00f1a presidencial, el actual mandatario <span class=\"hover:entity-accent entity-underline inline cursor-pointer align-baseline\"><span class=\"whitespace-normal\">Jos\u00e9 Antonio Kast<\/span><\/span> afirm\u00f3 que no se recortar\u00edan beneficios sociales vigentes. La aparente contradicci\u00f3n entre esa promesa y las recomendaciones actuales ha intensificado el debate pol\u00edtico.<\/p>\n<p data-start=\"1691\" data-end=\"1959\">Desde el mundo social y pol\u00edtico advierten que eventuales recortes podr\u00edan afectar directamente a sectores vulnerables y a la clase media, mientras que otros plantean la necesidad de revisar la eficiencia del gasto p\u00fablico para asegurar su sostenibilidad en el tiempo.<\/p>\n<p data-start=\"1961\" data-end=\"2150\" data-is-last-node=\"\" data-is-only-node=\"\">En simple, el Gobierno eval\u00faa un ajuste profundo al gasto social, lo que podr\u00eda implicar cambios en varios beneficios, abriendo una discusi\u00f3n pol\u00edtica clave sobre prioridades y compromisos.<\/p>\n","protected":false},"excerpt":{"rendered":"<p>Una serie de recomendaciones elaboradas por el Ministerio de Hacienda encendi\u00f3 la discusi\u00f3n p\u00fablica, luego de plantear un ajuste significativo al gasto social que podr\u00eda impactar a cientos de programas y beneficios estatales. De acuerdo al informe, se propone descontinuar 142 programas sociales, entre ellos iniciativas vinculadas a alimentaci\u00f3n escolar y seguridad p\u00fablica, adem\u00e1s de [&hellip;]<\/p>\n","protected":false},"author":2,"featured_media":5887,"comment_status":"closed","ping_status":"open","sticky":false,"template":"","format":"standard","meta":[],"categories":[3],"tags":[],"_links":{"self":[{"href":"https:\/\/latinaradio.cl\/index.php\/wp-json\/wp\/v2\/posts\/5886"}],"collection":[{"href":"https:\/\/latinaradio.cl\/index.php\/wp-json\/wp\/v2\/posts"}],"about":[{"href":"https:\/\/latinaradio.cl\/index.php\/wp-json\/wp\/v2\/types\/post"}],"author":[{"embeddable":true,"href":"https:\/\/latinaradio.cl\/index.php\/wp-json\/wp\/v2\/users\/2"}],"replies":[{"embeddable":true,"href":"https:\/\/latinaradio.cl\/index.php\/wp-json\/wp\/v2\/comments?post=5886"}],"version-history":[{"count":1,"href":"https:\/\/latinaradio.cl\/index.php\/wp-json\/wp\/v2\/posts\/5886\/revisions"}],"predecessor-version":[{"id":5888,"href":"https:\/\/latinaradio.cl\/index.php\/wp-json\/wp\/v2\/posts\/5886\/revisions\/5888"}],"wp:featuredmedia":[{"embeddable":true,"href":"https:\/\/latinaradio.cl\/index.php\/wp-json\/wp\/v2\/media\/5887"}],"wp:attachment":[{"href":"https:\/\/latinaradio.cl\/index.php\/wp-json\/wp\/v2\/media?parent=5886"}],"wp:term":[{"taxonomy":"category","embeddable":true,"href":"https:\/\/latinaradio.cl\/index.php\/wp-json\/wp\/v2\/categories?post=5886"},{"taxonomy":"post_tag","embeddable":true,"href":"https:\/\/latinaradio.cl\/index.php\/wp-json\/wp\/v2\/tags?post=5886"}],"curies":[{"name":"wp","href":"https:\/\/api.w.org\/{rel}","templated":true}]}}