{"id":5892,"date":"2026-04-29T11:19:00","date_gmt":"2026-04-29T14:19:00","guid":{"rendered":"https:\/\/latinaradio.cl\/?p=5892"},"modified":"2026-04-29T11:19:00","modified_gmt":"2026-04-29T14:19:00","slug":"deep-purple-regresa-a-chile-con-show-en-diciembre-en-el-movistar-arena","status":"publish","type":"post","link":"https:\/\/latinaradio.cl\/index.php\/2026\/04\/29\/deep-purple-regresa-a-chile-con-show-en-diciembre-en-el-movistar-arena\/","title":{"rendered":"Deep Purple regresa a Chile con show en diciembre en el Movistar Arena"},"content":{"rendered":"<section class=\"text-token-text-primary w-full focus:outline-none [--shadow-height:45px] has-data-writing-block:pointer-events-none has-data-writing-block:-mt-(--shadow-height) has-data-writing-block:pt-(--shadow-height) [&amp;:has([data-writing-block])&gt;*]:pointer-events-auto R6Vx5W_threadScrollVars scroll-mb-[calc(var(--scroll-root-safe-area-inset-bottom,0px)+var(--thread-response-height))] scroll-mt-(--header-height)\" dir=\"auto\" data-turn-id=\"965046bf-c6c2-4b16-bc28-37b9a695c6ba\" data-testid=\"conversation-turn-577\" data-scroll-anchor=\"false\" data-turn=\"user\"><\/section>\n<section class=\"text-token-text-primary w-full focus:outline-none [--shadow-height:45px] has-data-writing-block:pointer-events-none has-data-writing-block:-mt-(--shadow-height) has-data-writing-block:pt-(--shadow-height) [&amp;:has([data-writing-block])&gt;*]:pointer-events-auto [content-visibility:auto] supports-[content-visibility:auto]:[contain-intrinsic-size:auto_100lvh] R6Vx5W_threadScrollVars scroll-mb-[calc(var(--scroll-root-safe-area-inset-bottom,0px)+var(--thread-response-height))] scroll-mt-[calc(var(--header-height)+min(200px,max(70px,20svh)))]\" dir=\"auto\" data-turn-id=\"request-69c341f4-f1d0-83e9-be36-0797751e24a8-29\" data-testid=\"conversation-turn-578\" data-scroll-anchor=\"false\" data-turn=\"assistant\">\n<div class=\"text-base my-auto mx-auto pb-10 [--thread-content-margin:var(--thread-content-margin-xs,calc(var(--spacing)*4))] @w-sm\/main:[--thread-content-margin:var(--thread-content-margin-sm,calc(var(--spacing)*6))] @w-lg\/main:[--thread-content-margin:var(--thread-content-margin-lg,calc(var(--spacing)*16))] px-(--thread-content-margin)\">\n<div class=\"[--thread-content-max-width:40rem] @w-lg\/main:[--thread-content-max-width:48rem] mx-auto max-w-(--thread-content-max-width) flex-1 group\/turn-messages focus-visible:outline-hidden relative flex w-full min-w-0 flex-col agent-turn\">\n<div class=\"flex max-w-full flex-col gap-4 grow\">\n<div class=\"min-h-8 text-message relative flex w-full flex-col items-end gap-2 text-start break-words whitespace-normal outline-none keyboard-focused:focus-ring [.text-message+&amp;]:mt-1\" dir=\"auto\" tabindex=\"0\" data-message-author-role=\"assistant\" data-message-id=\"24b1f995-e560-4fc5-9a12-b5c36404fc9f\" data-message-model-slug=\"gpt-5-3\" data-turn-start-message=\"true\">\n<div class=\"flex w-full flex-col gap-1 empty:hidden\">\n<div class=\"markdown prose dark:prose-invert w-full wrap-break-word dark markdown-new-styling\">\n<p data-start=\"76\" data-end=\"358\">Una de las bandas m\u00e1s influyentes en la historia del rock vuelve al pa\u00eds. <span class=\"hover:entity-accent entity-underline inline cursor-pointer align-baseline\"><span class=\"whitespace-normal\">Deep Purple<\/span><\/span> se presentar\u00e1 el pr\u00f3ximo 8 de diciembre de 2026 en el <span class=\"hover:entity-accent entity-underline inline cursor-pointer align-baseline\"><span class=\"whitespace-normal\">Movistar Arena<\/span><\/span>, en el marco de una nueva gira internacional y del evento Futuro Rock Concert.<\/p>\n<p data-start=\"360\" data-end=\"625\">Considerados pioneros del hard rock y referentes del heavy metal, los brit\u00e1nicos llegan con casi seis d\u00e9cadas de trayectoria y m\u00e1s de 100 millones de discos vendidos. Ser\u00e1 su novena visita a Chile, donde ya han realizado m\u00e1s de 18 conciertos a lo largo de los a\u00f1os.<\/p>\n<p data-start=\"627\" data-end=\"895\">Actualmente, la banda sigue activa y en plena forma, liderada por <span class=\"hover:entity-accent entity-underline inline cursor-pointer align-baseline\"><span class=\"whitespace-normal\">Ian Gillan<\/span><\/span> junto a <span class=\"hover:entity-accent entity-underline inline cursor-pointer align-baseline\"><span class=\"whitespace-normal\">Roger Glover<\/span><\/span>, <span class=\"hover:entity-accent entity-underline inline cursor-pointer align-baseline\"><span class=\"whitespace-normal\">Ian Paice<\/span><\/span>, <span class=\"hover:entity-accent entity-underline inline cursor-pointer align-baseline\"><span class=\"whitespace-normal\">Don Airey<\/span><\/span> y <span class=\"hover:entity-accent entity-underline inline cursor-pointer align-baseline\"><span class=\"whitespace-normal\">Simon McBride<\/span><\/span>.<\/p>\n<p data-start=\"897\" data-end=\"1063\">La agrupaci\u00f3n atraviesa una etapa marcada por la renovaci\u00f3n creativa, combinando su experiencia con una energ\u00eda esc\u00e9nica que sigue conquistando a nuevas generaciones.<\/p>\n<p data-start=\"1065\" data-end=\"1199\" data-is-last-node=\"\" data-is-only-node=\"\">En simple, una leyenda viva del rock vuelve a Chile con un show que promete cl\u00e1sicos, potencia y un recorrido por su historia musical.<\/p>\n<\/div>\n<\/div>\n<\/div>\n<\/div>\n<\/div>\n<\/div>\n<\/section>\n","protected":false},"excerpt":{"rendered":"<p>Una de las bandas m\u00e1s influyentes en la historia del rock vuelve al pa\u00eds. Deep Purple se presentar\u00e1 el pr\u00f3ximo 8 de diciembre de 2026 en el Movistar Arena, en el marco de una nueva gira internacional y del evento Futuro Rock Concert. Considerados pioneros del hard rock y referentes del heavy metal, los brit\u00e1nicos [&hellip;]<\/p>\n","protected":false},"author":2,"featured_media":5893,"comment_status":"closed","ping_status":"open","sticky":false,"template":"","format":"standard","meta":[],"categories":[8],"tags":[],"_links":{"self":[{"href":"https:\/\/latinaradio.cl\/index.php\/wp-json\/wp\/v2\/posts\/5892"}],"collection":[{"href":"https:\/\/latinaradio.cl\/index.php\/wp-json\/wp\/v2\/posts"}],"about":[{"href":"https:\/\/latinaradio.cl\/index.php\/wp-json\/wp\/v2\/types\/post"}],"author":[{"embeddable":true,"href":"https:\/\/latinaradio.cl\/index.php\/wp-json\/wp\/v2\/users\/2"}],"replies":[{"embeddable":true,"href":"https:\/\/latinaradio.cl\/index.php\/wp-json\/wp\/v2\/comments?post=5892"}],"version-history":[{"count":1,"href":"https:\/\/latinaradio.cl\/index.php\/wp-json\/wp\/v2\/posts\/5892\/revisions"}],"predecessor-version":[{"id":5894,"href":"https:\/\/latinaradio.cl\/index.php\/wp-json\/wp\/v2\/posts\/5892\/revisions\/5894"}],"wp:featuredmedia":[{"embeddable":true,"href":"https:\/\/latinaradio.cl\/index.php\/wp-json\/wp\/v2\/media\/5893"}],"wp:attachment":[{"href":"https:\/\/latinaradio.cl\/index.php\/wp-json\/wp\/v2\/media?parent=5892"}],"wp:term":[{"taxonomy":"category","embeddable":true,"href":"https:\/\/latinaradio.cl\/index.php\/wp-json\/wp\/v2\/categories?post=5892"},{"taxonomy":"post_tag","embeddable":true,"href":"https:\/\/latinaradio.cl\/index.php\/wp-json\/wp\/v2\/tags?post=5892"}],"curies":[{"name":"wp","href":"https:\/\/api.w.org\/{rel}","templated":true}]}}