{"id":5895,"date":"2026-04-29T11:56:44","date_gmt":"2026-04-29T14:56:44","guid":{"rendered":"https:\/\/latinaradio.cl\/?p=5895"},"modified":"2026-04-29T11:56:44","modified_gmt":"2026-04-29T14:56:44","slug":"olmue-programa-centro-comunitario-de-cuidados-inicio-actividades-con-participacion-de-autoridades-y-comunidad","status":"publish","type":"post","link":"https:\/\/latinaradio.cl\/index.php\/2026\/04\/29\/olmue-programa-centro-comunitario-de-cuidados-inicio-actividades-con-participacion-de-autoridades-y-comunidad\/","title":{"rendered":"Olmu\u00e9: Programa Centro Comunitario de Cuidados inici\u00f3 actividades con participaci\u00f3n de autoridades y comunidad"},"content":{"rendered":"<p data-start=\"109\" data-end=\"367\">Hace unos d\u00edas se llev\u00f3 a cabo el hito de inicio del Programa Centro Comunitario de Cuidados, instancia que reuni\u00f3 a diversas autoridades, dirigentes sociales, personas cuidadoras y vecinos de la comuna en una jornada enfocada en el bienestar y la inclusi\u00f3n.<\/p>\n<p data-start=\"369\" data-end=\"705\">La actividad fue encabezada por el alcalde <span class=\"hover:entity-accent entity-underline inline cursor-pointer align-baseline\"><span class=\"whitespace-normal\">Jorge Jil Herrera<\/span><\/span>, junto al concejal <span class=\"hover:entity-accent entity-underline inline cursor-pointer align-baseline\"><span class=\"whitespace-normal\">Sebasti\u00e1n Guajardo<\/span><\/span> y el seremi de Desarrollo Social y Familia de la Regi\u00f3n de Valpara\u00edso, <span class=\"hover:entity-accent entity-underline inline cursor-pointer align-baseline\"><span class=\"whitespace-normal\">Nicol\u00e1s Cerda Diez<\/span><\/span>, quienes destacaron la importancia de avanzar en pol\u00edticas locales orientadas al cuidado.<\/p>\n<p data-start=\"707\" data-end=\"1061\">Durante la jornada se presentaron los principales resultados del diagn\u00f3stico comunitario del programa, adem\u00e1s de desarrollarse diversas actividades participativas, entre ellas talleres, una plantaci\u00f3n de \u00e1rboles con apoyo de la Oficina de Medio Ambiente y una intervenci\u00f3n de sonoterapia que convoc\u00f3 a la comunidad en un espacio de encuentro y bienestar.<\/p>\n<p data-start=\"1063\" data-end=\"1338\">El evento tambi\u00e9n incorpor\u00f3 expresiones art\u00edsticas y culturales, con la participaci\u00f3n de la agrupaci\u00f3n <span class=\"hover:entity-accent entity-underline inline cursor-pointer align-baseline\"><span class=\"whitespace-normal\">Sembrando Inclusi\u00f3n y Tradici\u00f3n<\/span><\/span>, la presentaci\u00f3n en viol\u00edn de <span class=\"hover:entity-accent entity-underline inline cursor-pointer align-baseline\"><span class=\"whitespace-normal\">Matilde Arriagada<\/span><\/span> y el baile de la agrupaci\u00f3n <span class=\"hover:entity-accent entity-underline inline cursor-pointer align-baseline\"><span class=\"whitespace-normal\">Caporales San Gabriel<\/span><\/span>.<\/p>\n<p data-start=\"1340\" data-end=\"1567\" data-is-last-node=\"\" data-is-only-node=\"\">La iniciativa forma parte de una estrategia orientada a fortalecer el cuidado, la inclusi\u00f3n y el bienestar en la comunidad, promoviendo espacios de participaci\u00f3n y apoyo para quienes cumplen labores de cuidado en el territorio.<\/p>\n","protected":false},"excerpt":{"rendered":"<p>Hace unos d\u00edas se llev\u00f3 a cabo el hito de inicio del Programa Centro Comunitario de Cuidados, instancia que reuni\u00f3 a diversas autoridades, dirigentes sociales, personas cuidadoras y vecinos de la comuna en una jornada enfocada en el bienestar y la inclusi\u00f3n. La actividad fue encabezada por el alcalde Jorge Jil Herrera, junto al concejal [&hellip;]<\/p>\n","protected":false},"author":2,"featured_media":5896,"comment_status":"closed","ping_status":"open","sticky":false,"template":"","format":"standard","meta":[],"categories":[9],"tags":[],"_links":{"self":[{"href":"https:\/\/latinaradio.cl\/index.php\/wp-json\/wp\/v2\/posts\/5895"}],"collection":[{"href":"https:\/\/latinaradio.cl\/index.php\/wp-json\/wp\/v2\/posts"}],"about":[{"href":"https:\/\/latinaradio.cl\/index.php\/wp-json\/wp\/v2\/types\/post"}],"author":[{"embeddable":true,"href":"https:\/\/latinaradio.cl\/index.php\/wp-json\/wp\/v2\/users\/2"}],"replies":[{"embeddable":true,"href":"https:\/\/latinaradio.cl\/index.php\/wp-json\/wp\/v2\/comments?post=5895"}],"version-history":[{"count":1,"href":"https:\/\/latinaradio.cl\/index.php\/wp-json\/wp\/v2\/posts\/5895\/revisions"}],"predecessor-version":[{"id":5897,"href":"https:\/\/latinaradio.cl\/index.php\/wp-json\/wp\/v2\/posts\/5895\/revisions\/5897"}],"wp:featuredmedia":[{"embeddable":true,"href":"https:\/\/latinaradio.cl\/index.php\/wp-json\/wp\/v2\/media\/5896"}],"wp:attachment":[{"href":"https:\/\/latinaradio.cl\/index.php\/wp-json\/wp\/v2\/media?parent=5895"}],"wp:term":[{"taxonomy":"category","embeddable":true,"href":"https:\/\/latinaradio.cl\/index.php\/wp-json\/wp\/v2\/categories?post=5895"},{"taxonomy":"post_tag","embeddable":true,"href":"https:\/\/latinaradio.cl\/index.php\/wp-json\/wp\/v2\/tags?post=5895"}],"curies":[{"name":"wp","href":"https:\/\/api.w.org\/{rel}","templated":true}]}}