{"id":591,"date":"2025-05-21T00:14:08","date_gmt":"2025-05-21T03:14:08","guid":{"rendered":"https:\/\/latinaradio.cl\/?p=591"},"modified":"2025-05-21T00:14:08","modified_gmt":"2025-05-21T03:14:08","slug":"hospital-gustavo-fricke-fortalece-formacion-en-urgencias-para-la-temporada-de-invierno","status":"publish","type":"post","link":"https:\/\/latinaradio.cl\/index.php\/2025\/05\/21\/hospital-gustavo-fricke-fortalece-formacion-en-urgencias-para-la-temporada-de-invierno\/","title":{"rendered":"Hospital Gustavo Fricke fortalece formaci\u00f3n en Urgencias para la temporada de invierno"},"content":{"rendered":"<article class=\"text-token-text-primary w-full\" dir=\"auto\" data-testid=\"conversation-turn-8\" data-scroll-anchor=\"true\">\n<div class=\"text-base my-auto mx-auto py-5 [--thread-content-margin:--spacing(4)] @[37rem]:[--thread-content-margin:--spacing(6)] @[72rem]:[--thread-content-margin:--spacing(16)] px-(--thread-content-margin)\">\n<div class=\"[--thread-content-max-width:32rem] @[34rem]:[--thread-content-max-width:40rem] @[64rem]:[--thread-content-max-width:48rem] mx-auto flex max-w-(--thread-content-max-width) flex-1 text-base gap-4 md:gap-5 lg:gap-6 group\/turn-messages focus-visible:outline-hidden\" tabindex=\"-1\">\n<div class=\"group\/conversation-turn relative flex w-full min-w-0 flex-col agent-turn\">\n<div class=\"relative flex-col gap-1 md:gap-3\">\n<div class=\"flex max-w-full flex-col grow\">\n<div class=\"min-h-8 text-message relative flex w-full flex-col items-end gap-2 text-start break-words whitespace-normal [.text-message+&amp;]:mt-5\" dir=\"auto\" data-message-author-role=\"assistant\" data-message-id=\"4587c159-7eb9-48b1-bda4-1ab064e92b52\" data-message-model-slug=\"o4-mini\">\n<div class=\"flex w-full flex-col gap-1 empty:hidden first:pt-[3px]\">\n<div class=\"markdown prose dark:prose-invert w-full break-words dark\">\n<p class=\"\" data-start=\"129\" data-end=\"358\">El Hospital Dr. Gustavo Fricke ha puesto en marcha un ciclo de capacitaciones mensuales en su Unidad de Urgencia de Adultos (UEA) con el fin de optimizar la atenci\u00f3n durante el invierno y el aumento de enfermedades respiratorias.<\/p>\n<p class=\"\" data-start=\"360\" data-end=\"383\"><strong data-start=\"360\" data-end=\"381\">Lo m\u00e1s importante<\/strong><\/p>\n<ul data-start=\"384\" data-end=\"965\">\n<li class=\"\" data-start=\"384\" data-end=\"549\">\n<p class=\"\" data-start=\"386\" data-end=\"549\"><strong data-start=\"386\" data-end=\"416\">Alcance de la capacitaci\u00f3n<\/strong><br data-start=\"416\" data-end=\"419\">Dirigida a todo el personal \u2014m\u00e9dico, de enfermer\u00eda y administrativos\u2014, la formaci\u00f3n se realiza de manera presencial e h\u00edbrida.<\/p>\n<\/li>\n<li class=\"\" data-start=\"550\" data-end=\"718\">\n<p class=\"\" data-start=\"552\" data-end=\"580\"><strong data-start=\"552\" data-end=\"578\">Tem\u00e1ticas por estaci\u00f3n<\/strong><\/p>\n<ul data-start=\"583\" data-end=\"718\">\n<li class=\"\" data-start=\"583\" data-end=\"642\">\n<p class=\"\" data-start=\"585\" data-end=\"642\"><em data-start=\"585\" data-end=\"594\">Verano:<\/em> asfixia por inmersi\u00f3n y manejo de quemaduras.<\/p>\n<\/li>\n<li class=\"\" data-start=\"645\" data-end=\"718\">\n<p class=\"\" data-start=\"647\" data-end=\"718\"><em data-start=\"647\" data-end=\"658\">Invierno:<\/em> enfermedades virales y neumon\u00eda, por su mayor incidencia.<\/p>\n<\/li>\n<\/ul>\n<\/li>\n<li class=\"\" data-start=\"719\" data-end=\"965\">\n<p class=\"\" data-start=\"721\" data-end=\"736\"><strong data-start=\"721\" data-end=\"734\">Objetivos<\/strong><\/p>\n<ol data-start=\"739\" data-end=\"965\">\n<li class=\"\" data-start=\"739\" data-end=\"794\">\n<p class=\"\" data-start=\"742\" data-end=\"794\">Mejorar la eficiencia en la atenci\u00f3n de urgencias.<\/p>\n<\/li>\n<li class=\"\" data-start=\"797\" data-end=\"844\">\n<p class=\"\" data-start=\"800\" data-end=\"844\">Actualizar protocolos cl\u00ednicos y t\u00e9cnicos.<\/p>\n<\/li>\n<li class=\"\" data-start=\"847\" data-end=\"965\">\n<p class=\"\" data-start=\"850\" data-end=\"965\">Fomentar el uso racional de recursos: derivar casos leves a atenci\u00f3n domiciliaria o centros de menor complejidad.<\/p>\n<\/li>\n<\/ol>\n<\/li>\n<\/ul>\n<p class=\"\" data-start=\"967\" data-end=\"1390\">El Dr. Pablo Parraguez, urgenci\u00f3logo y coordinador de la iniciativa, subraya que \u201cla medicina de urgencias debe evolucionar constantemente\u201d y revela que en cada sesi\u00f3n se invita a especialistas para enriquecer el aprendizaje. En la \u00faltima jornada, el Dr. Francisco C\u00e1rdenas profundiz\u00f3 en el diagn\u00f3stico y manejo de la neumon\u00eda, destacando la importancia de priorizar recursos para pacientes graves y descongestionar la UEA.<\/p>\n<p class=\"\" data-start=\"1392\" data-end=\"1551\">Con este programa, el Hospital Fricke refuerza su compromiso por brindar una respuesta \u00e1gil y de calidad a la comunidad durante los meses m\u00e1s cr\u00edticos del a\u00f1o.<\/p>\n<\/div>\n<\/div>\n<\/div>\n<\/div>\n<div class=\"flex justify-start\">\n<div class=\"touch:-me-2 touch:-ms-3.5 -ms-2.5 -me-1 flex items-center p-1 select-none -mt-1 duration-[1.5s] focus-within:transition-none hover:transition-none pointer-events-none [mask-image:linear-gradient(to_right,black_33%,transparent_66%)] [mask-size:300%_100%] [mask-position:100%_0%] motion-safe:transition-[mask-position] group-hover\/turn-messages:pointer-events-auto group-hover\/turn-messages:[mask-position:0_0] group-focus-within\/turn-messages:pointer-events-auto group-focus-within\/turn-messages:[mask-position:0_0] has-data-[state=open]:pointer-events-auto has-data-[state=open]:[mask-position:0_0]\"><\/div>\n<\/div>\n<div class=\"mt-3 w-full empty:hidden\">\n<div class=\"text-center\"><\/div>\n<\/div>\n<\/div>\n<div class=\"absolute\">\n<div class=\"flex items-center justify-center\"><\/div>\n<\/div>\n<\/div>\n<\/div>\n<\/div>\n<\/article>\n<div class=\"pointer-events-none h-px w-px\" aria-hidden=\"true\" data-edge=\"true\"><\/div>\n","protected":false},"excerpt":{"rendered":"<p>El Hospital Dr. Gustavo Fricke ha puesto en marcha un ciclo de capacitaciones mensuales en su Unidad de Urgencia de Adultos (UEA) con el fin de optimizar la atenci\u00f3n durante el invierno y el aumento de enfermedades respiratorias. Lo m\u00e1s importante Alcance de la capacitaci\u00f3nDirigida a todo el personal \u2014m\u00e9dico, de enfermer\u00eda y administrativos\u2014, la [&hellip;]<\/p>\n","protected":false},"author":2,"featured_media":592,"comment_status":"closed","ping_status":"open","sticky":false,"template":"","format":"standard","meta":[],"categories":[4],"tags":[],"_links":{"self":[{"href":"https:\/\/latinaradio.cl\/index.php\/wp-json\/wp\/v2\/posts\/591"}],"collection":[{"href":"https:\/\/latinaradio.cl\/index.php\/wp-json\/wp\/v2\/posts"}],"about":[{"href":"https:\/\/latinaradio.cl\/index.php\/wp-json\/wp\/v2\/types\/post"}],"author":[{"embeddable":true,"href":"https:\/\/latinaradio.cl\/index.php\/wp-json\/wp\/v2\/users\/2"}],"replies":[{"embeddable":true,"href":"https:\/\/latinaradio.cl\/index.php\/wp-json\/wp\/v2\/comments?post=591"}],"version-history":[{"count":1,"href":"https:\/\/latinaradio.cl\/index.php\/wp-json\/wp\/v2\/posts\/591\/revisions"}],"predecessor-version":[{"id":593,"href":"https:\/\/latinaradio.cl\/index.php\/wp-json\/wp\/v2\/posts\/591\/revisions\/593"}],"wp:featuredmedia":[{"embeddable":true,"href":"https:\/\/latinaradio.cl\/index.php\/wp-json\/wp\/v2\/media\/592"}],"wp:attachment":[{"href":"https:\/\/latinaradio.cl\/index.php\/wp-json\/wp\/v2\/media?parent=591"}],"wp:term":[{"taxonomy":"category","embeddable":true,"href":"https:\/\/latinaradio.cl\/index.php\/wp-json\/wp\/v2\/categories?post=591"},{"taxonomy":"post_tag","embeddable":true,"href":"https:\/\/latinaradio.cl\/index.php\/wp-json\/wp\/v2\/tags?post=591"}],"curies":[{"name":"wp","href":"https:\/\/api.w.org\/{rel}","templated":true}]}}