{"id":5910,"date":"2026-04-30T19:23:35","date_gmt":"2026-04-30T22:23:35","guid":{"rendered":"https:\/\/latinaradio.cl\/?p=5910"},"modified":"2026-04-30T19:23:35","modified_gmt":"2026-04-30T22:23:35","slug":"olmue-proyecta-mejoras-en-vivienda-e-infraestructura-tras-reunion-con-el-minvu","status":"publish","type":"post","link":"https:\/\/latinaradio.cl\/index.php\/2026\/04\/30\/olmue-proyecta-mejoras-en-vivienda-e-infraestructura-tras-reunion-con-el-minvu\/","title":{"rendered":"Olmu\u00e9 proyecta mejoras en vivienda e infraestructura tras reuni\u00f3n con el Minvu"},"content":{"rendered":"<p data-start=\"84\" data-end=\"419\">El alcalde de <span class=\"hover:entity-accent entity-underline inline cursor-pointer align-baseline\"><span class=\"whitespace-normal\">Olmu\u00e9<\/span><\/span>, <span class=\"hover:entity-accent entity-underline inline cursor-pointer align-baseline\"><span class=\"whitespace-normal\">Jorge Jil<\/span><\/span>, encabez\u00f3 una reuni\u00f3n de trabajo con el seremi de Vivienda y Urbanismo, <span class=\"hover:entity-accent entity-underline inline cursor-pointer align-baseline\"><span class=\"whitespace-normal\">Marcelo Ruiz<\/span><\/span>, con el objetivo de coordinar una cartera de proyectos orientados a mejorar la infraestructura y el acceso a la vivienda en la comuna.<\/p>\n<p data-start=\"421\" data-end=\"620\">El encuentro permiti\u00f3 alinear el trabajo entre el municipio y el <span class=\"hover:entity-accent entity-underline inline cursor-pointer align-baseline\"><span class=\"whitespace-normal\">Ministerio de Vivienda y Urbanismo<\/span><\/span> en \u00e1reas clave como pavimentaci\u00f3n, desarrollo habitacional y planificaci\u00f3n urbana a largo plazo.<\/p>\n<p data-start=\"622\" data-end=\"852\">Durante la jornada, se revisaron los avances del programa <span class=\"hover:entity-accent entity-underline inline cursor-pointer align-baseline\"><span class=\"whitespace-normal\">Quiero Mi Barrio<\/span><\/span> en el sector Las Rosas\u2013Santa Regina, destacando tanto los logros alcanzados como las pr\u00f3ximas etapas de intervenci\u00f3n en el territorio.<\/p>\n<p data-start=\"854\" data-end=\"1147\">Adem\u00e1s, se analizaron los resultados del llamado n\u00famero 35 de pavimentos participativos, herramienta que busca mejorar la conectividad y calidad de las calles, junto con el estado de distintos proyectos de vivienda social que se desarrollan en conjunto con comit\u00e9s habitacionales de la comuna.<\/p>\n<p data-start=\"1149\" data-end=\"1352\" data-is-last-node=\"\" data-is-only-node=\"\">La instancia marca un paso en la planificaci\u00f3n de iniciativas que apuntan a mejorar la calidad de vida de los vecinos, fortaleciendo el desarrollo urbano y el acceso a soluciones habitacionales en Olmu\u00e9.<\/p>\n","protected":false},"excerpt":{"rendered":"<p>El alcalde de Olmu\u00e9, Jorge Jil, encabez\u00f3 una reuni\u00f3n de trabajo con el seremi de Vivienda y Urbanismo, Marcelo Ruiz, con el objetivo de coordinar una cartera de proyectos orientados a mejorar la infraestructura y el acceso a la vivienda en la comuna. El encuentro permiti\u00f3 alinear el trabajo entre el municipio y el Ministerio [&hellip;]<\/p>\n","protected":false},"author":2,"featured_media":5911,"comment_status":"closed","ping_status":"open","sticky":false,"template":"","format":"standard","meta":[],"categories":[9],"tags":[],"_links":{"self":[{"href":"https:\/\/latinaradio.cl\/index.php\/wp-json\/wp\/v2\/posts\/5910"}],"collection":[{"href":"https:\/\/latinaradio.cl\/index.php\/wp-json\/wp\/v2\/posts"}],"about":[{"href":"https:\/\/latinaradio.cl\/index.php\/wp-json\/wp\/v2\/types\/post"}],"author":[{"embeddable":true,"href":"https:\/\/latinaradio.cl\/index.php\/wp-json\/wp\/v2\/users\/2"}],"replies":[{"embeddable":true,"href":"https:\/\/latinaradio.cl\/index.php\/wp-json\/wp\/v2\/comments?post=5910"}],"version-history":[{"count":1,"href":"https:\/\/latinaradio.cl\/index.php\/wp-json\/wp\/v2\/posts\/5910\/revisions"}],"predecessor-version":[{"id":5912,"href":"https:\/\/latinaradio.cl\/index.php\/wp-json\/wp\/v2\/posts\/5910\/revisions\/5912"}],"wp:featuredmedia":[{"embeddable":true,"href":"https:\/\/latinaradio.cl\/index.php\/wp-json\/wp\/v2\/media\/5911"}],"wp:attachment":[{"href":"https:\/\/latinaradio.cl\/index.php\/wp-json\/wp\/v2\/media?parent=5910"}],"wp:term":[{"taxonomy":"category","embeddable":true,"href":"https:\/\/latinaradio.cl\/index.php\/wp-json\/wp\/v2\/categories?post=5910"},{"taxonomy":"post_tag","embeddable":true,"href":"https:\/\/latinaradio.cl\/index.php\/wp-json\/wp\/v2\/tags?post=5910"}],"curies":[{"name":"wp","href":"https:\/\/api.w.org\/{rel}","templated":true}]}}