{"id":594,"date":"2025-05-21T00:21:04","date_gmt":"2025-05-21T03:21:04","guid":{"rendered":"https:\/\/latinaradio.cl\/?p=594"},"modified":"2025-05-21T00:21:04","modified_gmt":"2025-05-21T03:21:04","slug":"confirman-murcielago-con-rabia-en-colegio-de-quillota","status":"publish","type":"post","link":"https:\/\/latinaradio.cl\/index.php\/2025\/05\/21\/confirman-murcielago-con-rabia-en-colegio-de-quillota\/","title":{"rendered":"Confirman murci\u00e9lago con rabia en colegio de Quillota"},"content":{"rendered":"<article class=\"text-token-text-primary w-full\" dir=\"auto\" data-testid=\"conversation-turn-10\" data-scroll-anchor=\"true\">\n<div class=\"text-base my-auto mx-auto py-5 [--thread-content-margin:--spacing(4)] @[37rem]:[--thread-content-margin:--spacing(6)] @[72rem]:[--thread-content-margin:--spacing(16)] px-(--thread-content-margin)\">\n<div class=\"[--thread-content-max-width:32rem] @[34rem]:[--thread-content-max-width:40rem] @[64rem]:[--thread-content-max-width:48rem] mx-auto flex max-w-(--thread-content-max-width) flex-1 text-base gap-4 md:gap-5 lg:gap-6 group\/turn-messages focus-visible:outline-hidden\" tabindex=\"-1\">\n<div class=\"group\/conversation-turn relative flex w-full min-w-0 flex-col agent-turn\">\n<div class=\"relative flex-col gap-1 md:gap-3\">\n<div class=\"flex max-w-full flex-col grow\">\n<div class=\"min-h-8 text-message relative flex w-full flex-col items-end gap-2 text-start break-words whitespace-normal [.text-message+&amp;]:mt-5\" dir=\"auto\" data-message-author-role=\"assistant\" data-message-id=\"dc20270c-160c-4402-bf24-5989129c0b21\" data-message-model-slug=\"o4-mini\">\n<div class=\"flex w-full flex-col gap-1 empty:hidden first:pt-[3px]\">\n<div class=\"markdown prose dark:prose-invert w-full break-words dark\">\n<p class=\"\" data-start=\"0\" data-end=\"90\">Un murci\u00e9lago portador del virus de la rabia fue hallado dentro del Colegio Diego Echeverr\u00eda. Las pruebas del Instituto de Salud P\u00fablica confirmaron que el animal estaba infectado, aunque afortunadamente no tuvo contacto con personas ni animales dom\u00e9sticos durante su permanencia en el establecimiento.<\/p>\n<p class=\"\" data-start=\"396\" data-end=\"417\"><strong data-start=\"396\" data-end=\"415\">Qu\u00e9 debes saber<\/strong><\/p>\n<ul data-start=\"418\" data-end=\"1003\">\n<li class=\"\" data-start=\"418\" data-end=\"545\">\n<p class=\"\" data-start=\"420\" data-end=\"545\"><strong data-start=\"420\" data-end=\"448\">Hallazgo y confirmaci\u00f3n:<\/strong><br data-start=\"448\" data-end=\"451\">El ejemplar fue retirado de inmediato y, tras an\u00e1lisis, se comprob\u00f3 la presencia de rabia.<\/p>\n<\/li>\n<li class=\"\" data-start=\"546\" data-end=\"657\">\n<p class=\"\" data-start=\"548\" data-end=\"657\"><strong data-start=\"548\" data-end=\"569\">Riesgo inmediato:<\/strong><br data-start=\"569\" data-end=\"572\">No hubo contacto humano ni con mascotas, por lo que no se registran exposiciones.<\/p>\n<\/li>\n<li class=\"\" data-start=\"658\" data-end=\"819\">\n<p class=\"\" data-start=\"660\" data-end=\"819\"><strong data-start=\"660\" data-end=\"683\">Reservorio natural:<\/strong><br data-start=\"683\" data-end=\"686\">Los murci\u00e9lagos son considerados principales portadores de rabia en Chile, por lo que no es excepcional encontrar casos aislados.<\/p>\n<\/li>\n<li class=\"\" data-start=\"820\" data-end=\"1003\">\n<p class=\"\" data-start=\"822\" data-end=\"1003\"><strong data-start=\"822\" data-end=\"849\">Prevenci\u00f3n en mascotas:<\/strong><br data-start=\"849\" data-end=\"852\">Para tranquilidad de la comunidad de la Poblaci\u00f3n Los Paltos, la Seremi de Salud organiz\u00f3 un operativo de vacunaci\u00f3n antirr\u00e1bica para perros y gatos.<\/p>\n<\/li>\n<\/ul>\n<blockquote data-start=\"1005\" data-end=\"1213\">\n<p class=\"\" data-start=\"1007\" data-end=\"1213\">\u201cInvitamos a quienes tengan mascotas en la zona a acudir al operativo y, ante cualquier avistamiento de murci\u00e9lagos, contactarse de inmediato con la autoridad sanitaria\u201d, se\u00f1al\u00f3 el seremi (s) Carlos Zamora.<\/p>\n<\/blockquote>\n<p class=\"\" data-start=\"1215\" data-end=\"1256\"><strong data-start=\"1215\" data-end=\"1254\">Operativo de vacunaci\u00f3n antirr\u00e1bica<\/strong><\/p>\n<ul data-start=\"1257\" data-end=\"1456\">\n<li class=\"\" data-start=\"1257\" data-end=\"1313\">\n<p class=\"\" data-start=\"1259\" data-end=\"1313\"><strong data-start=\"1259\" data-end=\"1270\">Cu\u00e1ndo:<\/strong> Lunes 26 de mayo, de 10:00 a 13:00 horas<\/p>\n<\/li>\n<li class=\"\" data-start=\"1314\" data-end=\"1396\">\n<p class=\"\" data-start=\"1316\" data-end=\"1396\"><strong data-start=\"1316\" data-end=\"1326\">D\u00f3nde:<\/strong> Sede de la Junta de Vecinos Villa Los Paltos (Poblaci\u00f3n Los Paltos)<\/p>\n<\/li>\n<li class=\"\" data-start=\"1397\" data-end=\"1456\">\n<p class=\"\" data-start=\"1399\" data-end=\"1456\"><strong data-start=\"1399\" data-end=\"1423\">A qui\u00e9n va dirigido:<\/strong> Perros y gatos de la comunidad<\/p>\n<\/li>\n<\/ul>\n<p class=\"\" data-start=\"1458\" data-end=\"1607\">Para m\u00e1s informaci\u00f3n o en caso de encontrar murci\u00e9lagos, llama a la Seremi de Salud de Valpara\u00edso a trav\u00e9s de los n\u00fameros disponibles en <a class=\"\" href=\"http:\/\/www.ssrv.cl\" target=\"_new\" rel=\"noopener\" data-start=\"1595\" data-end=\"1606\">www.ssrv.cl<\/a>.<\/p>\n<\/div>\n<\/div>\n<\/div>\n<\/div>\n<div class=\"flex justify-start\">\n<div class=\"touch:-me-2 touch:-ms-3.5 -ms-2.5 -me-1 flex items-center p-1 select-none -mt-1 duration-[1.5s] focus-within:transition-none hover:transition-none pointer-events-none [mask-image:linear-gradient(to_right,black_33%,transparent_66%)] [mask-size:300%_100%] [mask-position:100%_0%] motion-safe:transition-[mask-position] group-hover\/turn-messages:pointer-events-auto group-hover\/turn-messages:[mask-position:0_0] group-focus-within\/turn-messages:pointer-events-auto group-focus-within\/turn-messages:[mask-position:0_0] has-data-[state=open]:pointer-events-auto has-data-[state=open]:[mask-position:0_0]\"><\/div>\n<\/div>\n<div class=\"mt-3 w-full empty:hidden\">\n<div class=\"text-center\"><\/div>\n<\/div>\n<\/div>\n<div class=\"absolute\">\n<div class=\"flex items-center justify-center\"><\/div>\n<\/div>\n<\/div>\n<\/div>\n<\/div>\n<\/article>\n<div class=\"pointer-events-none h-px w-px\" aria-hidden=\"true\" data-edge=\"true\"><\/div>\n","protected":false},"excerpt":{"rendered":"<p>Un murci\u00e9lago portador del virus de la rabia fue hallado dentro del Colegio Diego Echeverr\u00eda. Las pruebas del Instituto de Salud P\u00fablica confirmaron que el animal estaba infectado, aunque afortunadamente no tuvo contacto con personas ni animales dom\u00e9sticos durante su permanencia en el establecimiento. Qu\u00e9 debes saber Hallazgo y confirmaci\u00f3n:El ejemplar fue retirado de inmediato [&hellip;]<\/p>\n","protected":false},"author":2,"featured_media":595,"comment_status":"closed","ping_status":"open","sticky":false,"template":"","format":"standard","meta":[],"categories":[4],"tags":[],"_links":{"self":[{"href":"https:\/\/latinaradio.cl\/index.php\/wp-json\/wp\/v2\/posts\/594"}],"collection":[{"href":"https:\/\/latinaradio.cl\/index.php\/wp-json\/wp\/v2\/posts"}],"about":[{"href":"https:\/\/latinaradio.cl\/index.php\/wp-json\/wp\/v2\/types\/post"}],"author":[{"embeddable":true,"href":"https:\/\/latinaradio.cl\/index.php\/wp-json\/wp\/v2\/users\/2"}],"replies":[{"embeddable":true,"href":"https:\/\/latinaradio.cl\/index.php\/wp-json\/wp\/v2\/comments?post=594"}],"version-history":[{"count":1,"href":"https:\/\/latinaradio.cl\/index.php\/wp-json\/wp\/v2\/posts\/594\/revisions"}],"predecessor-version":[{"id":596,"href":"https:\/\/latinaradio.cl\/index.php\/wp-json\/wp\/v2\/posts\/594\/revisions\/596"}],"wp:featuredmedia":[{"embeddable":true,"href":"https:\/\/latinaradio.cl\/index.php\/wp-json\/wp\/v2\/media\/595"}],"wp:attachment":[{"href":"https:\/\/latinaradio.cl\/index.php\/wp-json\/wp\/v2\/media?parent=594"}],"wp:term":[{"taxonomy":"category","embeddable":true,"href":"https:\/\/latinaradio.cl\/index.php\/wp-json\/wp\/v2\/categories?post=594"},{"taxonomy":"post_tag","embeddable":true,"href":"https:\/\/latinaradio.cl\/index.php\/wp-json\/wp\/v2\/tags?post=594"}],"curies":[{"name":"wp","href":"https:\/\/api.w.org\/{rel}","templated":true}]}}