{"id":597,"date":"2025-05-21T22:38:24","date_gmt":"2025-05-22T01:38:24","guid":{"rendered":"https:\/\/latinaradio.cl\/?p=597"},"modified":"2025-05-21T22:38:24","modified_gmt":"2025-05-22T01:38:24","slug":"detienen-a-ciudadano-venezolano-por-venta-ilegal-de-medicamentos-en-vina-del-mar","status":"publish","type":"post","link":"https:\/\/latinaradio.cl\/index.php\/2025\/05\/21\/detienen-a-ciudadano-venezolano-por-venta-ilegal-de-medicamentos-en-vina-del-mar\/","title":{"rendered":"Detienen a ciudadano venezolano por venta ilegal de medicamentos en Vi\u00f1a del Mar"},"content":{"rendered":"<p data-start=\"210\" data-end=\"520\">Detectives del equipo MT0 de la Brigada de Investigaci\u00f3n Criminal de Vi\u00f1a del Mar, perteneciente a la Polic\u00eda de Investigaciones de Chile (PDI), detuvieron a un ciudadano venezolano en situaci\u00f3n migratoria irregular, quien se dedicaba a la venta de medicamentos controlados en pleno centro de la Ciudad Jard\u00edn.<\/p>\n<p data-start=\"522\" data-end=\"844\">Gracias a un trabajo investigativo focalizado, los oficiales lograron realizar una entrada y registro al domicilio del imputado, donde incautaron 3.490 comprimidos de clonazepam, 180 de diazepam, 120 ml de code\u00edna y 465 cajas de diversos medicamentos. Todo lo anterior fue avaluado en aproximadamente 23 millones de pesos.<\/p>\n<p data-start=\"846\" data-end=\"1092\">Seg\u00fan inform\u00f3 el subprefecto Sergio Guti\u00e9rrez, jefe de la Bicrim Vi\u00f1a del Mar, el procedimiento se realiz\u00f3 por instrucci\u00f3n del Ministerio P\u00fablico. El detenido fue puesto a disposici\u00f3n del Juzgado de Garant\u00eda de Vi\u00f1a del Mar para su formalizaci\u00f3n.<\/p>\n","protected":false},"excerpt":{"rendered":"<p>Detectives del equipo MT0 de la Brigada de Investigaci\u00f3n Criminal de Vi\u00f1a del Mar, perteneciente a la Polic\u00eda de Investigaciones de Chile (PDI), detuvieron a un ciudadano venezolano en situaci\u00f3n migratoria irregular, quien se dedicaba a la venta de medicamentos controlados en pleno centro de la Ciudad Jard\u00edn. Gracias a un trabajo investigativo focalizado, los [&hellip;]<\/p>\n","protected":false},"author":2,"featured_media":598,"comment_status":"closed","ping_status":"open","sticky":false,"template":"","format":"standard","meta":[],"categories":[2],"tags":[],"_links":{"self":[{"href":"https:\/\/latinaradio.cl\/index.php\/wp-json\/wp\/v2\/posts\/597"}],"collection":[{"href":"https:\/\/latinaradio.cl\/index.php\/wp-json\/wp\/v2\/posts"}],"about":[{"href":"https:\/\/latinaradio.cl\/index.php\/wp-json\/wp\/v2\/types\/post"}],"author":[{"embeddable":true,"href":"https:\/\/latinaradio.cl\/index.php\/wp-json\/wp\/v2\/users\/2"}],"replies":[{"embeddable":true,"href":"https:\/\/latinaradio.cl\/index.php\/wp-json\/wp\/v2\/comments?post=597"}],"version-history":[{"count":1,"href":"https:\/\/latinaradio.cl\/index.php\/wp-json\/wp\/v2\/posts\/597\/revisions"}],"predecessor-version":[{"id":599,"href":"https:\/\/latinaradio.cl\/index.php\/wp-json\/wp\/v2\/posts\/597\/revisions\/599"}],"wp:featuredmedia":[{"embeddable":true,"href":"https:\/\/latinaradio.cl\/index.php\/wp-json\/wp\/v2\/media\/598"}],"wp:attachment":[{"href":"https:\/\/latinaradio.cl\/index.php\/wp-json\/wp\/v2\/media?parent=597"}],"wp:term":[{"taxonomy":"category","embeddable":true,"href":"https:\/\/latinaradio.cl\/index.php\/wp-json\/wp\/v2\/categories?post=597"},{"taxonomy":"post_tag","embeddable":true,"href":"https:\/\/latinaradio.cl\/index.php\/wp-json\/wp\/v2\/tags?post=597"}],"curies":[{"name":"wp","href":"https:\/\/api.w.org\/{rel}","templated":true}]}}