{"id":603,"date":"2025-05-21T22:54:25","date_gmt":"2025-05-22T01:54:25","guid":{"rendered":"https:\/\/latinaradio.cl\/?p=603"},"modified":"2025-05-21T22:54:25","modified_gmt":"2025-05-22T01:54:25","slug":"hospital-gustavo-fricke-abrira-sus-puertas-este-24-de-mayo-para-conmemorar-el-dia-de-los-patrimonios","status":"publish","type":"post","link":"https:\/\/latinaradio.cl\/index.php\/2025\/05\/21\/hospital-gustavo-fricke-abrira-sus-puertas-este-24-de-mayo-para-conmemorar-el-dia-de-los-patrimonios\/","title":{"rendered":"Hospital Gustavo Fricke abrir\u00e1 sus puertas este 24 de mayo para conmemorar el D\u00eda de los Patrimonios"},"content":{"rendered":"<h3 data-start=\"146\" data-end=\"254\">En el marco del D\u00eda de los Patrimonios 2025, el Hospital Dr. Gustavo Fricke de Vi\u00f1a del Mar invita a la comunidad a ser parte de una jornada especial este s\u00e1bado 24 de mayo, con recorridos guiados que permitir\u00e1n conocer los 147 a\u00f1os de historia del principal complejo asistencial de la ciudad.<\/h3>\n<p data-start=\"563\" data-end=\"898\">La actividad comenzar\u00e1 a las 11:15 horas y contempla tres rutas durante la ma\u00f1ana, con horarios tambi\u00e9n a las 12:00 y 12:45 horas. Los visitantes podr\u00e1n recorrer sectores del antiguo hospital, caminar por pasillos hist\u00f3ricos y visitar ambos edificios \u2014el nuevo y el original\u2014, adem\u00e1s de conocer las bibliotecas del recinto.<\/p>\n<p data-start=\"900\" data-end=\"1019\">El encargado de Bibliotecas y Patrimonio, Jos\u00e9 Lara, adelant\u00f3 parte de la experiencia que vivir\u00e1n los asistentes:<\/p>\n<blockquote data-start=\"1020\" data-end=\"1197\">\n<p data-start=\"1022\" data-end=\"1197\">\u201cVisitaremos las dos bibliotecas, para finalizar con una muestra fotogr\u00e1fica y de implementos m\u00e9dicos. Ojal\u00e1 se sume mucha gente, porque estaremos entusiasmados esper\u00e1ndolos\u201d.<\/p>\n<\/blockquote>\n<p data-start=\"1199\" data-end=\"1341\">Por su parte, Francisca Ugarte, jefa de la Unidad de Comunicaciones y encargada de la jornada, destac\u00f3 el valor colectivo de la muestra:<\/p>\n<blockquote data-start=\"1342\" data-end=\"1643\">\n<p data-start=\"1344\" data-end=\"1643\">\u201cEsta muestra museogr\u00e1fica es un producto realmente colectivo, donde muchas personas han aportado insumos a lo largo de los a\u00f1os. Queremos mostrar c\u00f3mo el hospital ha estado presente en cada etapa de la ciudad y c\u00f3mo la salud p\u00fablica forma parte de la vida cotidiana de muchas familias vi\u00f1amarinas\u201d.<\/p>\n<\/blockquote>\n<p data-start=\"1645\" data-end=\"1986\">Durante el recorrido se exhibir\u00e1n objetos hist\u00f3ricos, implementos m\u00e9dicos en desuso y fotograf\u00edas que reflejan la evoluci\u00f3n del hospital desde sus or\u00edgenes hasta la actualidad. Se trata de una oportunidad \u00fanica para revivir la memoria sanitaria de Vi\u00f1a del Mar y poner en valor el rol del Hospital Gustavo Fricke en la historia de la regi\u00f3n.<\/p>\n","protected":false},"excerpt":{"rendered":"<p>En el marco del D\u00eda de los Patrimonios 2025, el Hospital Dr. Gustavo Fricke de Vi\u00f1a del Mar invita a la comunidad a ser parte de una jornada especial este s\u00e1bado 24 de mayo, con recorridos guiados que permitir\u00e1n conocer los 147 a\u00f1os de historia del principal complejo asistencial de la ciudad. La actividad comenzar\u00e1 [&hellip;]<\/p>\n","protected":false},"author":2,"featured_media":604,"comment_status":"closed","ping_status":"open","sticky":false,"template":"","format":"standard","meta":[],"categories":[4],"tags":[],"_links":{"self":[{"href":"https:\/\/latinaradio.cl\/index.php\/wp-json\/wp\/v2\/posts\/603"}],"collection":[{"href":"https:\/\/latinaradio.cl\/index.php\/wp-json\/wp\/v2\/posts"}],"about":[{"href":"https:\/\/latinaradio.cl\/index.php\/wp-json\/wp\/v2\/types\/post"}],"author":[{"embeddable":true,"href":"https:\/\/latinaradio.cl\/index.php\/wp-json\/wp\/v2\/users\/2"}],"replies":[{"embeddable":true,"href":"https:\/\/latinaradio.cl\/index.php\/wp-json\/wp\/v2\/comments?post=603"}],"version-history":[{"count":1,"href":"https:\/\/latinaradio.cl\/index.php\/wp-json\/wp\/v2\/posts\/603\/revisions"}],"predecessor-version":[{"id":605,"href":"https:\/\/latinaradio.cl\/index.php\/wp-json\/wp\/v2\/posts\/603\/revisions\/605"}],"wp:featuredmedia":[{"embeddable":true,"href":"https:\/\/latinaradio.cl\/index.php\/wp-json\/wp\/v2\/media\/604"}],"wp:attachment":[{"href":"https:\/\/latinaradio.cl\/index.php\/wp-json\/wp\/v2\/media?parent=603"}],"wp:term":[{"taxonomy":"category","embeddable":true,"href":"https:\/\/latinaradio.cl\/index.php\/wp-json\/wp\/v2\/categories?post=603"},{"taxonomy":"post_tag","embeddable":true,"href":"https:\/\/latinaradio.cl\/index.php\/wp-json\/wp\/v2\/tags?post=603"}],"curies":[{"name":"wp","href":"https:\/\/api.w.org\/{rel}","templated":true}]}}