{"id":607,"date":"2025-05-22T22:35:26","date_gmt":"2025-05-23T01:35:26","guid":{"rendered":"https:\/\/latinaradio.cl\/?p=607"},"modified":"2025-05-22T22:35:26","modified_gmt":"2025-05-23T01:35:26","slug":"nuevos-detenidos-por-megaincendio-de-valparaiso-eran-bomberos-y-exfuncionario-de-conaf","status":"publish","type":"post","link":"https:\/\/latinaradio.cl\/index.php\/2025\/05\/22\/nuevos-detenidos-por-megaincendio-de-valparaiso-eran-bomberos-y-exfuncionario-de-conaf\/","title":{"rendered":"Nuevos detenidos por megaincendio de Valpara\u00edso eran bomberos y exfuncionario de Conaf"},"content":{"rendered":"<p data-start=\"172\" data-end=\"410\">La Polic\u00eda de Investigaciones (PDI) inform\u00f3 este jueves la detenci\u00f3n de dos nuevas personas vinculadas al megaincendio del 2 de febrero de 2024, que afect\u00f3 a Vi\u00f1a del Mar, Quilpu\u00e9 y Villa Alemana, dejando un saldo de 138 v\u00edctimas fatales.<\/p>\n<p data-start=\"412\" data-end=\"734\">Seg\u00fan los primeros antecedentes, ambos detenidos eran voluntarios del Cuerpo de Bomberos de Placilla. Uno de ellos, adem\u00e1s, trabajaba como funcionario temporal de la Corporaci\u00f3n Nacional Forestal (Conaf) al momento del incendio. En total, ya son nueve las personas arrestadas por su presunta participaci\u00f3n en el siniestro.<\/p>\n<p data-start=\"736\" data-end=\"1097\">&#8220;Estamos informando la detenci\u00f3n de dos personas, mayores de edad, adultos, chilenos, sin antecedentes penales, que son parte, por todos los antecedentes que se han detallado, de quienes, junto a los autores materiales que ya est\u00e1n detenidos, planificaron el incendio de febrero de 2024&#8221;, se\u00f1al\u00f3 el delegado presidencial regional de Valpara\u00edso, Yanino Riquelme.<\/p>\n<p data-start=\"1099\" data-end=\"1404\">Uno de los imputados era capit\u00e1n de Bomberos del cuartel de Placilla, mientras que el otro ten\u00eda contrato como trabajador de Conaf en el momento de los hechos. Ambos, seg\u00fan la investigaci\u00f3n, habr\u00edan pertenecido a un subgrupo vinculado a los autores materiales, con quienes habr\u00edan planificado el incendio.<\/p>\n<p data-start=\"1406\" data-end=\"1754\">El prefecto de la PDI de Valpara\u00edso, Guillermo G\u00e1lvez, indic\u00f3 que los nuevos detenidos fueron considerados <strong data-start=\"1513\" data-end=\"1526\">coautores<\/strong> del incendio. \u201cEllos, junto a los dos que est\u00e1n detenidos y cumpliendo prisi\u00f3n preventiva, son los que planifican y dan la idea de poder realizar estos incendios, y espec\u00edficamente el incendio del d\u00eda 2 y 3 de febrero\u201d, afirm\u00f3.<\/p>\n<p data-start=\"1756\" data-end=\"1999\">Adem\u00e1s, ambos habr\u00edan dejado de formar parte del cuerpo de Bomberos tras el incendio. Se presume que una de las motivaciones del exfuncionario de Conaf estar\u00eda relacionada con el pago de horas extras que recib\u00eda durante emergencias forestales.<\/p>\n<p data-start=\"2001\" data-end=\"2212\">Con esta informaci\u00f3n, el caso del megaincendio que conmocion\u00f3 a la regi\u00f3n de Valpara\u00edso sigue avanzando en la b\u00fasqueda de justicia, revelando redes de participaci\u00f3n m\u00e1s amplias de lo que inicialmente se pensaba.<\/p>\n","protected":false},"excerpt":{"rendered":"<p>La Polic\u00eda de Investigaciones (PDI) inform\u00f3 este jueves la detenci\u00f3n de dos nuevas personas vinculadas al megaincendio del 2 de febrero de 2024, que afect\u00f3 a Vi\u00f1a del Mar, Quilpu\u00e9 y Villa Alemana, dejando un saldo de 138 v\u00edctimas fatales. Seg\u00fan los primeros antecedentes, ambos detenidos eran voluntarios del Cuerpo de Bomberos de Placilla. Uno [&hellip;]<\/p>\n","protected":false},"author":2,"featured_media":608,"comment_status":"closed","ping_status":"open","sticky":false,"template":"","format":"standard","meta":[],"categories":[2],"tags":[],"_links":{"self":[{"href":"https:\/\/latinaradio.cl\/index.php\/wp-json\/wp\/v2\/posts\/607"}],"collection":[{"href":"https:\/\/latinaradio.cl\/index.php\/wp-json\/wp\/v2\/posts"}],"about":[{"href":"https:\/\/latinaradio.cl\/index.php\/wp-json\/wp\/v2\/types\/post"}],"author":[{"embeddable":true,"href":"https:\/\/latinaradio.cl\/index.php\/wp-json\/wp\/v2\/users\/2"}],"replies":[{"embeddable":true,"href":"https:\/\/latinaradio.cl\/index.php\/wp-json\/wp\/v2\/comments?post=607"}],"version-history":[{"count":1,"href":"https:\/\/latinaradio.cl\/index.php\/wp-json\/wp\/v2\/posts\/607\/revisions"}],"predecessor-version":[{"id":609,"href":"https:\/\/latinaradio.cl\/index.php\/wp-json\/wp\/v2\/posts\/607\/revisions\/609"}],"wp:featuredmedia":[{"embeddable":true,"href":"https:\/\/latinaradio.cl\/index.php\/wp-json\/wp\/v2\/media\/608"}],"wp:attachment":[{"href":"https:\/\/latinaradio.cl\/index.php\/wp-json\/wp\/v2\/media?parent=607"}],"wp:term":[{"taxonomy":"category","embeddable":true,"href":"https:\/\/latinaradio.cl\/index.php\/wp-json\/wp\/v2\/categories?post=607"},{"taxonomy":"post_tag","embeddable":true,"href":"https:\/\/latinaradio.cl\/index.php\/wp-json\/wp\/v2\/tags?post=607"}],"curies":[{"name":"wp","href":"https:\/\/api.w.org\/{rel}","templated":true}]}}