{"id":617,"date":"2025-05-22T23:24:07","date_gmt":"2025-05-23T02:24:07","guid":{"rendered":"https:\/\/latinaradio.cl\/?p=617"},"modified":"2025-05-22T23:24:07","modified_gmt":"2025-05-23T02:24:07","slug":"fallece-claudio-di-girolamo-destacado-dramaturgo-y-pintor-italo-chileno","status":"publish","type":"post","link":"https:\/\/latinaradio.cl\/index.php\/2025\/05\/22\/fallece-claudio-di-girolamo-destacado-dramaturgo-y-pintor-italo-chileno\/","title":{"rendered":"Fallece Claudio Di Girolamo, destacado dramaturgo y pintor \u00edtalo-chileno"},"content":{"rendered":"<p data-start=\"203\" data-end=\"617\">Este jueves 22 de mayo se confirm\u00f3 el fallecimiento de <strong data-start=\"258\" data-end=\"281\">Claudio Di Girolamo<\/strong>, uno de los grandes referentes de la cultura chilena del siglo XX. Artista multifac\u00e9tico, Di Girolamo fue dramaturgo, pintor, escen\u00f3grafo, actor, muralista, director teatral y ejecutivo de televisi\u00f3n. Adem\u00e1s, fue uno de los miembros fundadores del hist\u00f3rico <strong data-start=\"540\" data-end=\"556\">Teatro Ictus<\/strong>, una de las agrupaciones teatrales m\u00e1s influyentes del pa\u00eds.<\/p>\n<p data-start=\"619\" data-end=\"954\">El Ministerio de las Culturas, las Artes y el Patrimonio inform\u00f3 la noticia a trav\u00e9s de un comunicado oficial, donde lament\u00f3 profundamente la partida de este creador esencial para las artes nacionales. Destacaron su amplia trayectoria, que abarc\u00f3 desde la pl\u00e1stica hasta la televisi\u00f3n, y su compromiso constante con la cultura chilena.<\/p>\n<blockquote data-start=\"956\" data-end=\"1486\">\n<p data-start=\"958\" data-end=\"1486\">\u201cArtista pl\u00e1stico, director teatral, escen\u00f3grafo y realizador audiovisual, su trayectoria marc\u00f3 diversas expresiones del arte nacional. Fue jefe de la Divisi\u00f3n de Cultura del Ministerio de Educaci\u00f3n, antecedente directo de nuestro actual Ministerio de las Culturas, las Artes y el Patrimonio, al que sigui\u00f3 vinculado a trav\u00e9s de su constante labor de asesor\u00eda y reflexi\u00f3n. Una destacada trayectoria que le hizo merecedor de la Orden al M\u00e9rito Art\u00edstico y Cultural Pablo Neruda, entre tantas distinciones\u201d, se\u00f1al\u00f3 la instituci\u00f3n.<\/p>\n<\/blockquote>\n<p data-start=\"1488\" data-end=\"1926\">Nacido en Roma, Italia, el 31 de octubre de 1929, Claudio Di Girolamo lleg\u00f3 a Chile junto a su familia cuando ten\u00eda 19 a\u00f1os, debido al estallido de la Segunda Guerra Mundial en Europa. En nuestro pa\u00eds, se form\u00f3 en arquitectura y escenograf\u00eda en la Universidad de Roma antes de asentarse definitivamente aqu\u00ed, donde desarroll\u00f3 una obra diversa y profunda que incluye pintura mural, escenograf\u00eda teatral, dramaturgia y direcci\u00f3n televisiva.<\/p>\n<p data-start=\"1928\" data-end=\"2353\">Su aporte no solo estuvo en la creaci\u00f3n art\u00edstica, sino tambi\u00e9n en la gesti\u00f3n cultural: fue director ejecutivo de Canal 13 y conductor de programas emblem\u00e1ticos como <strong data-start=\"2094\" data-end=\"2111\">\u201cLa Manivela\u201d<\/strong> y <strong data-start=\"2114\" data-end=\"2135\">\u201cBellavista 0990\u201d<\/strong> en Televisi\u00f3n Nacional de Chile. Tambi\u00e9n lider\u00f3 la Divisi\u00f3n de Cultura del Ministerio de Educaci\u00f3n durante los gobiernos de Eduardo Frei y Ricardo Lagos, y asesor\u00f3 a los gobiernos de Michelle Bachelet y Gabriel Boric.<\/p>\n<p data-start=\"2355\" data-end=\"2672\">Adem\u00e1s, Claudio fue parte fundamental en la fundaci\u00f3n del Teatro Ictus y el Taller Teatro Dos, dos espacios vitales para el teatro chileno, y realiz\u00f3 junto al periodista Augusto G\u00f3ngora un importante trabajo documental que dej\u00f3 valiosos registros de los a\u00f1os oscuros de la dictadura, como el reportaje \u201cUna encuesta\u201d.<\/p>\n<p data-start=\"2674\" data-end=\"3006\">En reconocimiento a su extensa y valiosa trayectoria, recibi\u00f3 importantes distinciones, entre ellas la <strong data-start=\"2777\" data-end=\"2840\">Orden al M\u00e9rito Docente y Cultural Gabriela Mistral en 2001<\/strong> y la <strong data-start=\"2846\" data-end=\"2907\">Orden al M\u00e9rito Art\u00edstico y Cultural Pablo Neruda en 2016<\/strong>. En 1997, se le otorg\u00f3 la nacionalidad chilena por gracia, en honor a su destacado aporte al pa\u00eds.<\/p>\n<p data-start=\"3008\" data-end=\"3222\">Desde Chileactores, organizaci\u00f3n que agrupa a profesionales del arte esc\u00e9nico, manifestaron su pesar y enviaron un abrazo fraterno a su familia, a la comunidad cultural y a todas las personas que valoran su legado.<\/p>\n<p data-start=\"3224\" data-end=\"3479\">La despedida de Claudio Di Girolamo ser\u00e1 en la <strong data-start=\"3271\" data-end=\"3296\">Parroquia Santa Elena<\/strong>, ubicada en Presidente Err\u00e1zuriz con Polonia 456, Las Condes. El velatorio comenzar\u00e1 este jueves 22 de mayo a las 15:00 horas, y la misa se realizar\u00e1 el viernes 23 a las 11:00 horas.<\/p>\n","protected":false},"excerpt":{"rendered":"<p>Este jueves 22 de mayo se confirm\u00f3 el fallecimiento de Claudio Di Girolamo, uno de los grandes referentes de la cultura chilena del siglo XX. Artista multifac\u00e9tico, Di Girolamo fue dramaturgo, pintor, escen\u00f3grafo, actor, muralista, director teatral y ejecutivo de televisi\u00f3n. Adem\u00e1s, fue uno de los miembros fundadores del hist\u00f3rico Teatro Ictus, una de las [&hellip;]<\/p>\n","protected":false},"author":2,"featured_media":618,"comment_status":"closed","ping_status":"open","sticky":false,"template":"","format":"standard","meta":[],"categories":[8],"tags":[],"_links":{"self":[{"href":"https:\/\/latinaradio.cl\/index.php\/wp-json\/wp\/v2\/posts\/617"}],"collection":[{"href":"https:\/\/latinaradio.cl\/index.php\/wp-json\/wp\/v2\/posts"}],"about":[{"href":"https:\/\/latinaradio.cl\/index.php\/wp-json\/wp\/v2\/types\/post"}],"author":[{"embeddable":true,"href":"https:\/\/latinaradio.cl\/index.php\/wp-json\/wp\/v2\/users\/2"}],"replies":[{"embeddable":true,"href":"https:\/\/latinaradio.cl\/index.php\/wp-json\/wp\/v2\/comments?post=617"}],"version-history":[{"count":1,"href":"https:\/\/latinaradio.cl\/index.php\/wp-json\/wp\/v2\/posts\/617\/revisions"}],"predecessor-version":[{"id":619,"href":"https:\/\/latinaradio.cl\/index.php\/wp-json\/wp\/v2\/posts\/617\/revisions\/619"}],"wp:featuredmedia":[{"embeddable":true,"href":"https:\/\/latinaradio.cl\/index.php\/wp-json\/wp\/v2\/media\/618"}],"wp:attachment":[{"href":"https:\/\/latinaradio.cl\/index.php\/wp-json\/wp\/v2\/media?parent=617"}],"wp:term":[{"taxonomy":"category","embeddable":true,"href":"https:\/\/latinaradio.cl\/index.php\/wp-json\/wp\/v2\/categories?post=617"},{"taxonomy":"post_tag","embeddable":true,"href":"https:\/\/latinaradio.cl\/index.php\/wp-json\/wp\/v2\/tags?post=617"}],"curies":[{"name":"wp","href":"https:\/\/api.w.org\/{rel}","templated":true}]}}