{"id":632,"date":"2025-05-25T21:35:36","date_gmt":"2025-05-26T00:35:36","guid":{"rendered":"https:\/\/latinaradio.cl\/?p=632"},"modified":"2025-05-25T21:35:36","modified_gmt":"2025-05-26T00:35:36","slug":"tornado-en-chile-deja-sin-hogar-a-decenas-de-personas-alcalde-de-puerto-varas-reporta-graves-danos-en-la-ciudad","status":"publish","type":"post","link":"https:\/\/latinaradio.cl\/index.php\/2025\/05\/25\/tornado-en-chile-deja-sin-hogar-a-decenas-de-personas-alcalde-de-puerto-varas-reporta-graves-danos-en-la-ciudad\/","title":{"rendered":"Tornado en Chile deja sin hogar a decenas de personas: alcalde de Puerto Varas reporta graves da\u00f1os en la ciudad"},"content":{"rendered":"<p data-start=\"260\" data-end=\"663\">Un inusual y violento fen\u00f3meno clim\u00e1tico azot\u00f3 la ciudad de Puerto Varas, en la Regi\u00f3n de Los Lagos, la tarde de este domingo 25 de mayo. A eso de las 15:30 horas, un tornado impact\u00f3 la zona c\u00e9ntrica de la comuna, dejando a su paso techos volando, postes el\u00e9ctricos ca\u00eddos, calles bloqueadas y una profunda sensaci\u00f3n de temor entre los habitantes, poco acostumbrados a este tipo de eventos extremos.<\/p>\n<p data-start=\"665\" data-end=\"979\">Las im\u00e1genes del suceso r\u00e1pidamente se viralizaron en redes sociales, mostrando a personas aferradas a rejas para no ser arrastradas por el viento, y viviendas o locales con severos da\u00f1os estructurales. En pocos minutos, decenas de familias quedaron damnificadas, y los da\u00f1os materiales se volvieron evidentes.<\/p>\n<p data-start=\"981\" data-end=\"1360\">El alcalde de Puerto Varas, Tom\u00e1s G\u00e1rate, confirm\u00f3 que hay un alto n\u00famero de viviendas afectadas, y que ya se activaron los comit\u00e9s de emergencia municipales y regionales para brindar asistencia a los vecinos. \u201cHay muchas personas que han perdido parte importante de sus hogares. Estamos trabajando para restablecer servicios b\u00e1sicos y brindar apoyo a los m\u00e1s afectados\u201d, se\u00f1al\u00f3.<\/p>\n<p data-start=\"1362\" data-end=\"1672\">La Superintendencia de Electricidad y Combustibles (SEC) inform\u00f3 que m\u00e1s de 15.800 clientes quedaron sin energ\u00eda en la regi\u00f3n, de los cuales 10.292 corresponden solo a Puerto Varas. Cuadrillas de emergencia trabajan para restituir el suministro, aunque los da\u00f1os a la red el\u00e9ctrica son importantes.<\/p>\n<p data-start=\"1674\" data-end=\"2003\">Este fen\u00f3meno se enmarca dentro de un sistema frontal con lluvias y r\u00e1fagas de viento inusuales que afecta al sur del pa\u00eds. Sin embargo, la formaci\u00f3n de un tornado en esta zona es altamente excepcional, lo que sorprendi\u00f3 a\u00fan m\u00e1s a la poblaci\u00f3n local, que intentaba resguardarse sin entender del todo la magnitud del fen\u00f3meno.<\/p>\n<p data-start=\"2005\" data-end=\"2235\">Puerto Varas, conocida por su tranquilidad y su belleza natural, vive hoy una jornada marcada por la emergencia, con sus calles cubiertas de escombros, \u00e1rboles ca\u00eddos y familias tratando de recuperar lo poco que qued\u00f3 intacto.<\/p>\n<p data-start=\"2237\" data-end=\"2417\">La comuna, que en los \u00faltimos a\u00f1os ha visto crecer una importante comunidad peruana residente, tambi\u00e9n reporta que muchas familias migrantes resultaron afectadas por el evento.<\/p>\n<p data-start=\"2419\" data-end=\"2579\">Las autoridades contin\u00faan evaluando la magnitud de los da\u00f1os y no se descarta solicitar ayuda a nivel nacional para la recuperaci\u00f3n de las zonas m\u00e1s impactadas.<\/p>\n","protected":false},"excerpt":{"rendered":"<p>Un inusual y violento fen\u00f3meno clim\u00e1tico azot\u00f3 la ciudad de Puerto Varas, en la Regi\u00f3n de Los Lagos, la tarde de este domingo 25 de mayo. A eso de las 15:30 horas, un tornado impact\u00f3 la zona c\u00e9ntrica de la comuna, dejando a su paso techos volando, postes el\u00e9ctricos ca\u00eddos, calles bloqueadas y una profunda [&hellip;]<\/p>\n","protected":false},"author":2,"featured_media":633,"comment_status":"closed","ping_status":"open","sticky":false,"template":"","format":"standard","meta":[],"categories":[3],"tags":[],"_links":{"self":[{"href":"https:\/\/latinaradio.cl\/index.php\/wp-json\/wp\/v2\/posts\/632"}],"collection":[{"href":"https:\/\/latinaradio.cl\/index.php\/wp-json\/wp\/v2\/posts"}],"about":[{"href":"https:\/\/latinaradio.cl\/index.php\/wp-json\/wp\/v2\/types\/post"}],"author":[{"embeddable":true,"href":"https:\/\/latinaradio.cl\/index.php\/wp-json\/wp\/v2\/users\/2"}],"replies":[{"embeddable":true,"href":"https:\/\/latinaradio.cl\/index.php\/wp-json\/wp\/v2\/comments?post=632"}],"version-history":[{"count":1,"href":"https:\/\/latinaradio.cl\/index.php\/wp-json\/wp\/v2\/posts\/632\/revisions"}],"predecessor-version":[{"id":634,"href":"https:\/\/latinaradio.cl\/index.php\/wp-json\/wp\/v2\/posts\/632\/revisions\/634"}],"wp:featuredmedia":[{"embeddable":true,"href":"https:\/\/latinaradio.cl\/index.php\/wp-json\/wp\/v2\/media\/633"}],"wp:attachment":[{"href":"https:\/\/latinaradio.cl\/index.php\/wp-json\/wp\/v2\/media?parent=632"}],"wp:term":[{"taxonomy":"category","embeddable":true,"href":"https:\/\/latinaradio.cl\/index.php\/wp-json\/wp\/v2\/categories?post=632"},{"taxonomy":"post_tag","embeddable":true,"href":"https:\/\/latinaradio.cl\/index.php\/wp-json\/wp\/v2\/tags?post=632"}],"curies":[{"name":"wp","href":"https:\/\/api.w.org\/{rel}","templated":true}]}}