{"id":660,"date":"2025-05-26T23:04:44","date_gmt":"2025-05-27T02:04:44","guid":{"rendered":"https:\/\/latinaradio.cl\/?p=660"},"modified":"2025-05-26T23:04:44","modified_gmt":"2025-05-27T02:04:44","slug":"vicepresidente-del-colegio-medico-renuncia-tras-polemica-por-licencias-medicas-y-viajes-al-extranjero","status":"publish","type":"post","link":"https:\/\/latinaradio.cl\/index.php\/2025\/05\/26\/vicepresidente-del-colegio-medico-renuncia-tras-polemica-por-licencias-medicas-y-viajes-al-extranjero\/","title":{"rendered":"Vicepresidente del Colegio M\u00e9dico renuncia tras pol\u00e9mica por licencias m\u00e9dicas y viajes al extranjero"},"content":{"rendered":"<p data-start=\"244\" data-end=\"574\">Este lunes 26 de mayo, Iv\u00e1n Mendoza, quien hasta ahora era vicepresidente del Colegio M\u00e9dico de Chile, present\u00f3 su renuncia voluntaria al cargo. Esto ocurre luego de que su nombre apareciera en el informe de la Contralor\u00eda que denuncia a m\u00e1s de 25 mil funcionarios p\u00fablicos que habr\u00edan salido del pa\u00eds estando con licencia m\u00e9dica.<\/p>\n<p data-start=\"576\" data-end=\"907\">A trav\u00e9s de una declaraci\u00f3n p\u00fablica, Mendoza explic\u00f3 que los hechos ocurrieron en octubre del a\u00f1o pasado, cuando se encontraba haciendo uso de su feriado legal. Seg\u00fan su versi\u00f3n, el 30 de octubre deb\u00eda volver a Chile, pero el paso fronterizo en Mendoza estaba cerrado. Reci\u00e9n pudo regresar el 31, ya con s\u00edntomas de una enfermedad.<\/p>\n<p data-start=\"909\" data-end=\"1154\">Afirm\u00f3 que el 1 de noviembre \u2014d\u00eda feriado\u2014 permaneci\u00f3 en reposo en su casa y que al d\u00eda siguiente, en una atenci\u00f3n m\u00e9dica, le entregaron una licencia con fecha desde el 31. Por lo tanto, sostuvo que no sali\u00f3 del pa\u00eds estando con licencia m\u00e9dica.<\/p>\n<p data-start=\"1156\" data-end=\"1361\">Pese a esta explicaci\u00f3n, decidi\u00f3 dar un paso al costado para no perjudicar el trabajo del Colegio M\u00e9dico. \u201cNo quiero que esta situaci\u00f3n empa\u00f1e el compromiso de la instituci\u00f3n con la salud p\u00fablica\u201d, se\u00f1al\u00f3.<\/p>\n","protected":false},"excerpt":{"rendered":"<p>Este lunes 26 de mayo, Iv\u00e1n Mendoza, quien hasta ahora era vicepresidente del Colegio M\u00e9dico de Chile, present\u00f3 su renuncia voluntaria al cargo. Esto ocurre luego de que su nombre apareciera en el informe de la Contralor\u00eda que denuncia a m\u00e1s de 25 mil funcionarios p\u00fablicos que habr\u00edan salido del pa\u00eds estando con licencia m\u00e9dica. [&hellip;]<\/p>\n","protected":false},"author":2,"featured_media":661,"comment_status":"closed","ping_status":"open","sticky":false,"template":"","format":"standard","meta":[],"categories":[3],"tags":[],"_links":{"self":[{"href":"https:\/\/latinaradio.cl\/index.php\/wp-json\/wp\/v2\/posts\/660"}],"collection":[{"href":"https:\/\/latinaradio.cl\/index.php\/wp-json\/wp\/v2\/posts"}],"about":[{"href":"https:\/\/latinaradio.cl\/index.php\/wp-json\/wp\/v2\/types\/post"}],"author":[{"embeddable":true,"href":"https:\/\/latinaradio.cl\/index.php\/wp-json\/wp\/v2\/users\/2"}],"replies":[{"embeddable":true,"href":"https:\/\/latinaradio.cl\/index.php\/wp-json\/wp\/v2\/comments?post=660"}],"version-history":[{"count":1,"href":"https:\/\/latinaradio.cl\/index.php\/wp-json\/wp\/v2\/posts\/660\/revisions"}],"predecessor-version":[{"id":662,"href":"https:\/\/latinaradio.cl\/index.php\/wp-json\/wp\/v2\/posts\/660\/revisions\/662"}],"wp:featuredmedia":[{"embeddable":true,"href":"https:\/\/latinaradio.cl\/index.php\/wp-json\/wp\/v2\/media\/661"}],"wp:attachment":[{"href":"https:\/\/latinaradio.cl\/index.php\/wp-json\/wp\/v2\/media?parent=660"}],"wp:term":[{"taxonomy":"category","embeddable":true,"href":"https:\/\/latinaradio.cl\/index.php\/wp-json\/wp\/v2\/categories?post=660"},{"taxonomy":"post_tag","embeddable":true,"href":"https:\/\/latinaradio.cl\/index.php\/wp-json\/wp\/v2\/tags?post=660"}],"curies":[{"name":"wp","href":"https:\/\/api.w.org\/{rel}","templated":true}]}}