{"id":663,"date":"2025-05-26T23:18:01","date_gmt":"2025-05-27T02:18:01","guid":{"rendered":"https:\/\/latinaradio.cl\/?p=663"},"modified":"2025-05-26T23:18:01","modified_gmt":"2025-05-27T02:18:01","slug":"vina-del-mar-instituto-de-educacion-especial-exige-fin-a-la-exclusion-de-personas-ciegas-mayores-de-26-anos","status":"publish","type":"post","link":"https:\/\/latinaradio.cl\/index.php\/2025\/05\/26\/vina-del-mar-instituto-de-educacion-especial-exige-fin-a-la-exclusion-de-personas-ciegas-mayores-de-26-anos\/","title":{"rendered":"Vi\u00f1a del Mar: Instituto de educaci\u00f3n especial exige fin a la exclusi\u00f3n de personas ciegas mayores de 26 a\u00f1os"},"content":{"rendered":"<p data-start=\"261\" data-end=\"744\">Durante esta semana, la comunidad educativa del Instituto Antonio Vicente Mosquete, ubicado en Vi\u00f1a del Mar, levant\u00f3 la voz frente a una situaci\u00f3n que consideran injusta y discriminatoria: actualmente, por norma del sistema educativo chileno, las personas mayores de 26 a\u00f1os con discapacidad visual ya no pueden seguir matriculadas en este establecimiento, a pesar de que muchos a\u00fan necesitan continuar su proceso formativo para lograr autonom\u00eda y participaci\u00f3n plena en la sociedad.<\/p>\n<p data-start=\"746\" data-end=\"1156\">El Instituto Antonio Vicente Mosquete es un centro con m\u00e1s de 30 a\u00f1os de trayectoria, especializado en la formaci\u00f3n de personas ciegas y con baja visi\u00f3n. All\u00ed se ense\u00f1an habilidades esenciales para desenvolverse en la vida diaria, como el manejo del bast\u00f3n gu\u00eda, el aprendizaje del sistema braille, el uso de tecnolog\u00edas accesibles, adem\u00e1s de t\u00e9cnicas para aprovechar el resto visual cuando existe baja visi\u00f3n.<\/p>\n<p data-start=\"1158\" data-end=\"1428\">Sin embargo, la normativa vigente impide que estos aprendizajes contin\u00faen despu\u00e9s de los 26 a\u00f1os. Esta situaci\u00f3n ha dejado a varios exestudiantes en un limbo educativo y ha generado preocupaci\u00f3n en la comunidad, que ve c\u00f3mo se vulnera el derecho a la educaci\u00f3n continua.<\/p>\n<p data-start=\"1430\" data-end=\"1775\">Frente a esto, representantes del centro de padres y exalumnos llegaron hasta la Secretar\u00eda Regional Ministerial de Educaci\u00f3n en Valpara\u00edso para entregar una carta con sus demandas al seremi Juan Pablo \u00c1lvarez. Solicitan una soluci\u00f3n efectiva y r\u00e1pida, adem\u00e1s de voluntad pol\u00edtica para modificar una norma que consideran arbitraria y excluyente.<\/p>\n<p data-start=\"1777\" data-end=\"2122\">La directora del instituto, Paulina Portilla, fue clara al se\u00f1alar que \u201ccada d\u00eda sin una respuesta es un d\u00eda perdido para el desarrollo de nuestros estudiantes\u201d. Tambi\u00e9n advirti\u00f3 que esta situaci\u00f3n pone en peligro el futuro del establecimiento, ya que la matr\u00edcula ha disminuido considerablemente, afectando la viabilidad del proyecto educativo.<\/p>\n<p data-start=\"2124\" data-end=\"2551\">Desde la comunidad educativa hacen un llamado a los parlamentarios a avanzar con urgencia en el proyecto de ley que permitir\u00eda eliminar el tope de edad para estudiantes con discapacidad visual en la educaci\u00f3n especial. Adem\u00e1s, piden al Tribunal Constitucional que falle a favor del recurso presentado, considerando que lo que est\u00e1 en juego no es un beneficio extra, sino el acceso a un derecho humano fundamental: la educaci\u00f3n.<\/p>\n<p data-start=\"2553\" data-end=\"2696\">En palabras de quienes integran el Instituto Mosquete:<br data-start=\"2607\" data-end=\"2610\"><strong data-start=\"2610\" data-end=\"2696\">\u201cEducaci\u00f3n para todos, durante toda la vida. Sin excepciones. Sin discriminaci\u00f3n.\u201d<\/strong><\/p>\n","protected":false},"excerpt":{"rendered":"<p>Durante esta semana, la comunidad educativa del Instituto Antonio Vicente Mosquete, ubicado en Vi\u00f1a del Mar, levant\u00f3 la voz frente a una situaci\u00f3n que consideran injusta y discriminatoria: actualmente, por norma del sistema educativo chileno, las personas mayores de 26 a\u00f1os con discapacidad visual ya no pueden seguir matriculadas en este establecimiento, a pesar de [&hellip;]<\/p>\n","protected":false},"author":2,"featured_media":664,"comment_status":"closed","ping_status":"open","sticky":false,"template":"","format":"standard","meta":[],"categories":[4],"tags":[],"_links":{"self":[{"href":"https:\/\/latinaradio.cl\/index.php\/wp-json\/wp\/v2\/posts\/663"}],"collection":[{"href":"https:\/\/latinaradio.cl\/index.php\/wp-json\/wp\/v2\/posts"}],"about":[{"href":"https:\/\/latinaradio.cl\/index.php\/wp-json\/wp\/v2\/types\/post"}],"author":[{"embeddable":true,"href":"https:\/\/latinaradio.cl\/index.php\/wp-json\/wp\/v2\/users\/2"}],"replies":[{"embeddable":true,"href":"https:\/\/latinaradio.cl\/index.php\/wp-json\/wp\/v2\/comments?post=663"}],"version-history":[{"count":1,"href":"https:\/\/latinaradio.cl\/index.php\/wp-json\/wp\/v2\/posts\/663\/revisions"}],"predecessor-version":[{"id":665,"href":"https:\/\/latinaradio.cl\/index.php\/wp-json\/wp\/v2\/posts\/663\/revisions\/665"}],"wp:featuredmedia":[{"embeddable":true,"href":"https:\/\/latinaradio.cl\/index.php\/wp-json\/wp\/v2\/media\/664"}],"wp:attachment":[{"href":"https:\/\/latinaradio.cl\/index.php\/wp-json\/wp\/v2\/media?parent=663"}],"wp:term":[{"taxonomy":"category","embeddable":true,"href":"https:\/\/latinaradio.cl\/index.php\/wp-json\/wp\/v2\/categories?post=663"},{"taxonomy":"post_tag","embeddable":true,"href":"https:\/\/latinaradio.cl\/index.php\/wp-json\/wp\/v2\/tags?post=663"}],"curies":[{"name":"wp","href":"https:\/\/api.w.org\/{rel}","templated":true}]}}