{"id":697,"date":"2025-05-28T22:46:37","date_gmt":"2025-05-29T01:46:37","guid":{"rendered":"https:\/\/latinaradio.cl\/?p=697"},"modified":"2025-05-28T22:46:37","modified_gmt":"2025-05-29T01:46:37","slug":"profesores-anuncian-paro-nacional-de-48-horas-por-respuestas-insuficientes-del-mineduc","status":"publish","type":"post","link":"https:\/\/latinaradio.cl\/index.php\/2025\/05\/28\/profesores-anuncian-paro-nacional-de-48-horas-por-respuestas-insuficientes-del-mineduc\/","title":{"rendered":"Profesores anuncian paro nacional de 48 horas por respuestas \u201cinsuficientes\u201d del Mineduc"},"content":{"rendered":"<p data-start=\"163\" data-end=\"492\">El Colegio de Profesoras y Profesores de Chile convoc\u00f3 a un Paro Nacional de 48 horas para los d\u00edas mi\u00e9rcoles 4 y jueves 5 de junio, en respuesta a lo que calificaron como una \u201cinsuficiencia de respuestas concretas\u201d del Ministerio de Educaci\u00f3n ante su petitorio presentado en enero, conocido como la Agenda Corta.<\/p>\n<p data-start=\"494\" data-end=\"728\">A trav\u00e9s de un comunicado, el gremio advirti\u00f3 que la falta de soluciones solo \u201cprofundiza la precarizaci\u00f3n laboral y la crisis del sistema educativo\u201d, por lo que decidieron movilizarse con m\u00e1s fuerza para exigir medidas efectivas.<\/p>\n<p data-start=\"730\" data-end=\"912\">Entre las acciones contempladas est\u00e1 una marcha masiva en Valpara\u00edso, frente al Congreso Nacional, donde exigir\u00e1n respuestas a los seis puntos principales de su Agenda Corta:<\/p>\n<ol data-start=\"914\" data-end=\"1535\">\n<li data-start=\"914\" data-end=\"1021\">\n<p data-start=\"917\" data-end=\"1021\"><strong data-start=\"917\" data-end=\"945\">Nueva Ley de Titularidad<\/strong> que asegure estabilidad laboral y termine con la precariedad contractual.<\/p>\n<\/li>\n<li data-start=\"1022\" data-end=\"1123\">\n<p data-start=\"1025\" data-end=\"1123\"><strong data-start=\"1025\" data-end=\"1058\">Reformas a la Carrera Docente<\/strong> para mayor transparencia y reducci\u00f3n de la sobrecarga laboral.<\/p>\n<\/li>\n<li data-start=\"1124\" data-end=\"1224\">\n<p data-start=\"1127\" data-end=\"1224\"><strong data-start=\"1127\" data-end=\"1182\">Traspasos en el Sistema de Educaci\u00f3n P\u00fablica (SLEP)<\/strong> sin deudas salariales ni previsionales.<\/p>\n<\/li>\n<li data-start=\"1225\" data-end=\"1334\">\n<p data-start=\"1228\" data-end=\"1334\"><strong data-start=\"1228\" data-end=\"1260\">Reducci\u00f3n del agobio laboral<\/strong>, eliminando tareas administrativas excesivas y reemplazos obligatorios.<\/p>\n<\/li>\n<li data-start=\"1335\" data-end=\"1417\">\n<p data-start=\"1338\" data-end=\"1417\"><strong data-start=\"1338\" data-end=\"1387\">Reconocimiento a la funci\u00f3n del Profesor Jefe<\/strong> con mecanismos espec\u00edficos.<\/p>\n<\/li>\n<li data-start=\"1418\" data-end=\"1535\">\n<p data-start=\"1421\" data-end=\"1535\"><strong data-start=\"1421\" data-end=\"1471\">Oficializaci\u00f3n del D\u00eda del Profesor sin clases<\/strong> y respeto a realidades regionales en los calendarios escolares.<\/p>\n<\/li>\n<\/ol>\n<p data-start=\"1537\" data-end=\"1845\">El Directorio Nacional, encabezado por <strong data-start=\"1576\" data-end=\"1593\">Mario Aguilar<\/strong> (presidente) y <strong data-start=\"1609\" data-end=\"1628\">Lessly Marchant<\/strong> (secretaria general), enfatiz\u00f3 que \u201cel profesorado y la educaci\u00f3n p\u00fablica merecen respeto y acci\u00f3n inmediata\u201d y cerr\u00f3 su comunicado con un llamado claro:<br data-start=\"1782\" data-end=\"1785\"><strong data-start=\"1785\" data-end=\"1845\">\u201c\u00a1La lucha contin\u00faa y nuestra voz no debe ser ignorada!\u201d<\/strong><\/p>\n<p data-start=\"1537\" data-end=\"1845\">\n","protected":false},"excerpt":{"rendered":"<p>El Colegio de Profesoras y Profesores de Chile convoc\u00f3 a un Paro Nacional de 48 horas para los d\u00edas mi\u00e9rcoles 4 y jueves 5 de junio, en respuesta a lo que calificaron como una \u201cinsuficiencia de respuestas concretas\u201d del Ministerio de Educaci\u00f3n ante su petitorio presentado en enero, conocido como la Agenda Corta. A trav\u00e9s [&hellip;]<\/p>\n","protected":false},"author":2,"featured_media":698,"comment_status":"closed","ping_status":"open","sticky":false,"template":"","format":"standard","meta":[],"categories":[3],"tags":[],"_links":{"self":[{"href":"https:\/\/latinaradio.cl\/index.php\/wp-json\/wp\/v2\/posts\/697"}],"collection":[{"href":"https:\/\/latinaradio.cl\/index.php\/wp-json\/wp\/v2\/posts"}],"about":[{"href":"https:\/\/latinaradio.cl\/index.php\/wp-json\/wp\/v2\/types\/post"}],"author":[{"embeddable":true,"href":"https:\/\/latinaradio.cl\/index.php\/wp-json\/wp\/v2\/users\/2"}],"replies":[{"embeddable":true,"href":"https:\/\/latinaradio.cl\/index.php\/wp-json\/wp\/v2\/comments?post=697"}],"version-history":[{"count":1,"href":"https:\/\/latinaradio.cl\/index.php\/wp-json\/wp\/v2\/posts\/697\/revisions"}],"predecessor-version":[{"id":700,"href":"https:\/\/latinaradio.cl\/index.php\/wp-json\/wp\/v2\/posts\/697\/revisions\/700"}],"wp:featuredmedia":[{"embeddable":true,"href":"https:\/\/latinaradio.cl\/index.php\/wp-json\/wp\/v2\/media\/698"}],"wp:attachment":[{"href":"https:\/\/latinaradio.cl\/index.php\/wp-json\/wp\/v2\/media?parent=697"}],"wp:term":[{"taxonomy":"category","embeddable":true,"href":"https:\/\/latinaradio.cl\/index.php\/wp-json\/wp\/v2\/categories?post=697"},{"taxonomy":"post_tag","embeddable":true,"href":"https:\/\/latinaradio.cl\/index.php\/wp-json\/wp\/v2\/tags?post=697"}],"curies":[{"name":"wp","href":"https:\/\/api.w.org\/{rel}","templated":true}]}}