{"id":710,"date":"2025-05-29T21:59:44","date_gmt":"2025-05-30T00:59:44","guid":{"rendered":"https:\/\/latinaradio.cl\/?p=710"},"modified":"2025-05-29T21:59:44","modified_gmt":"2025-05-30T00:59:44","slug":"tribunal-reconoce-abusos-cometidos-por-cristian-campos-pero-no-habra-sancion-penal-por-prescripcion","status":"publish","type":"post","link":"https:\/\/latinaradio.cl\/index.php\/2025\/05\/29\/tribunal-reconoce-abusos-cometidos-por-cristian-campos-pero-no-habra-sancion-penal-por-prescripcion\/","title":{"rendered":"Tribunal reconoce abusos cometidos por Cristi\u00e1n Campos, pero no habr\u00e1 sanci\u00f3n penal por prescripci\u00f3n"},"content":{"rendered":"<p data-start=\"330\" data-end=\"563\">El 34\u00b0 Juzgado del Crimen de Santiago resolvi\u00f3 el sobreseimiento total y definitivo del actor Cristi\u00e1n Campos en una causa por abuso, debido a que los hechos denunciados ocurrieron hace m\u00e1s de 25 a\u00f1os y la acci\u00f3n penal ya prescribi\u00f3.<\/p>\n<p data-start=\"565\" data-end=\"933\">Seg\u00fan el fallo judicial, los hechos habr\u00edan ocurrido entre fines de los a\u00f1os 80 y mediados de los 90, cuando la denunciante era menor de edad. El juez a cargo del caso concluy\u00f3 que los antecedentes presentados son coherentes y permiten dar por acreditada la ocurrencia de los episodios, pero se\u00f1al\u00f3 que la ley impide sancionar penalmente debido al tiempo transcurrido.<\/p>\n<p data-start=\"935\" data-end=\"1148\">El C\u00f3digo Penal chileno establece plazos espec\u00edficos para que ciertos delitos puedan ser investigados y sancionados. En este caso, dicho plazo ya se encuentra vencido, lo que llev\u00f3 al tribunal a cerrar el proceso.<\/p>\n<p data-start=\"1150\" data-end=\"1432\">Aunque no habr\u00e1 consecuencias judiciales, el fallo reconoce la gravedad de los hechos y el impacto que tuvieron en la v\u00edctima. Tambi\u00e9n subraya la importancia de que estos testimonios sean escuchados, comprendidos y valorados, incluso cuando no pueden traducirse en condenas penales.<\/p>\n<p data-start=\"1434\" data-end=\"1701\">Casos como este abren nuevamente el debate sobre los plazos de prescripci\u00f3n en delitos sexuales, especialmente cuando afectan a menores de edad. Tambi\u00e9n refuerzan la necesidad de acompa\u00f1ar a las v\u00edctimas y promover entornos seguros para que puedan denunciar a tiempo.<\/p>\n","protected":false},"excerpt":{"rendered":"<p>El 34\u00b0 Juzgado del Crimen de Santiago resolvi\u00f3 el sobreseimiento total y definitivo del actor Cristi\u00e1n Campos en una causa por abuso, debido a que los hechos denunciados ocurrieron hace m\u00e1s de 25 a\u00f1os y la acci\u00f3n penal ya prescribi\u00f3. Seg\u00fan el fallo judicial, los hechos habr\u00edan ocurrido entre fines de los a\u00f1os 80 y [&hellip;]<\/p>\n","protected":false},"author":2,"featured_media":711,"comment_status":"closed","ping_status":"open","sticky":false,"template":"","format":"standard","meta":[],"categories":[3],"tags":[],"_links":{"self":[{"href":"https:\/\/latinaradio.cl\/index.php\/wp-json\/wp\/v2\/posts\/710"}],"collection":[{"href":"https:\/\/latinaradio.cl\/index.php\/wp-json\/wp\/v2\/posts"}],"about":[{"href":"https:\/\/latinaradio.cl\/index.php\/wp-json\/wp\/v2\/types\/post"}],"author":[{"embeddable":true,"href":"https:\/\/latinaradio.cl\/index.php\/wp-json\/wp\/v2\/users\/2"}],"replies":[{"embeddable":true,"href":"https:\/\/latinaradio.cl\/index.php\/wp-json\/wp\/v2\/comments?post=710"}],"version-history":[{"count":1,"href":"https:\/\/latinaradio.cl\/index.php\/wp-json\/wp\/v2\/posts\/710\/revisions"}],"predecessor-version":[{"id":712,"href":"https:\/\/latinaradio.cl\/index.php\/wp-json\/wp\/v2\/posts\/710\/revisions\/712"}],"wp:featuredmedia":[{"embeddable":true,"href":"https:\/\/latinaradio.cl\/index.php\/wp-json\/wp\/v2\/media\/711"}],"wp:attachment":[{"href":"https:\/\/latinaradio.cl\/index.php\/wp-json\/wp\/v2\/media?parent=710"}],"wp:term":[{"taxonomy":"category","embeddable":true,"href":"https:\/\/latinaradio.cl\/index.php\/wp-json\/wp\/v2\/categories?post=710"},{"taxonomy":"post_tag","embeddable":true,"href":"https:\/\/latinaradio.cl\/index.php\/wp-json\/wp\/v2\/tags?post=710"}],"curies":[{"name":"wp","href":"https:\/\/api.w.org\/{rel}","templated":true}]}}