{"id":713,"date":"2025-05-29T22:04:15","date_gmt":"2025-05-30T01:04:15","guid":{"rendered":"https:\/\/latinaradio.cl\/?p=713"},"modified":"2025-05-29T22:04:15","modified_gmt":"2025-05-30T01:04:15","slug":"la-roja-femenina-suma-nueva-jugadora-nerea-sanchez-talento-joven-desde-espana-con-corazon-chileno","status":"publish","type":"post","link":"https:\/\/latinaradio.cl\/index.php\/2025\/05\/29\/la-roja-femenina-suma-nueva-jugadora-nerea-sanchez-talento-joven-desde-espana-con-corazon-chileno\/","title":{"rendered":"La Roja femenina suma nueva jugadora: Nerea S\u00e1nchez, talento joven desde Espa\u00f1a con coraz\u00f3n chileno"},"content":{"rendered":"<p data-start=\"287\" data-end=\"595\">La Selecci\u00f3n Chilena Femenina sigue creciendo y este jueves recibi\u00f3 a una nueva integrante que llega con todas las ganas de dejarlo todo en la cancha: Nerea S\u00e1nchez Mill\u00e1n, mediocampista del Madrid CFF, decidi\u00f3 representar a nuestro pa\u00eds y ya se integr\u00f3 a los entrenamientos del equipo nacional en Barcelona.<\/p>\n<p data-start=\"597\" data-end=\"843\">Nerea naci\u00f3 en 2004 en Espa\u00f1a, pero tiene ra\u00edces profundamente chilenas. \u201cMi lazo con Chile viene por el lado de mi madre, que es nacida all\u00e1, al igual que toda su familia\u201d, cont\u00f3 la joven jugadora, visiblemente emocionada por este nuevo desaf\u00edo.<\/p>\n<p data-start=\"845\" data-end=\"1130\">Desde el pintoresco Estadio Municipal de Bobil\u00e1, en la ciudad de Gav\u00e1, Nerea comparti\u00f3 sus primeras impresiones con la camiseta de La Roja. \u201cMe he sentido realmente acogida. Me integraron desde el primer momento, y estoy feliz de verdad. Es un orgullo para m\u00ed y para mi familia\u201d, dijo.<\/p>\n<p data-start=\"1132\" data-end=\"1460\">La relaci\u00f3n con la Federaci\u00f3n de F\u00fatbol de Chile comenz\u00f3 hace m\u00e1s de dos a\u00f1os. Desde entonces, han ido construyendo un v\u00ednculo s\u00f3lido que hoy se concreta con su incorporaci\u00f3n oficial. \u201cHe conocido las ideas que tienen para m\u00ed y me ha parecido genial sumarme a una selecci\u00f3n adulta. Es un paso enorme y lo valoro mucho\u201d, asegur\u00f3.<\/p>\n<p data-start=\"1462\" data-end=\"1701\">Aunque no naci\u00f3 en nuestro territorio, Nerea lo tiene claro: \u201cSiempre me he sentido chilena. S\u00e9 que no nac\u00ed all\u00ed, pero todas mis ra\u00edces son de all\u00e1. Es tanto el pa\u00eds de mi familia como el m\u00edo ahora, y prometo darlo todo por esta camiseta\u201d.<\/p>\n<p data-start=\"1703\" data-end=\"1836\">Con apenas 20 a\u00f1os, Nerea S\u00e1nchez se perfila como una gran promesa para el futuro del f\u00fatbol femenino chileno. \u00a1Bienvenida a La Roja!<\/p>\n","protected":false},"excerpt":{"rendered":"<p>La Selecci\u00f3n Chilena Femenina sigue creciendo y este jueves recibi\u00f3 a una nueva integrante que llega con todas las ganas de dejarlo todo en la cancha: Nerea S\u00e1nchez Mill\u00e1n, mediocampista del Madrid CFF, decidi\u00f3 representar a nuestro pa\u00eds y ya se integr\u00f3 a los entrenamientos del equipo nacional en Barcelona. Nerea naci\u00f3 en 2004 en [&hellip;]<\/p>\n","protected":false},"author":2,"featured_media":714,"comment_status":"closed","ping_status":"open","sticky":false,"template":"","format":"standard","meta":[],"categories":[5],"tags":[],"_links":{"self":[{"href":"https:\/\/latinaradio.cl\/index.php\/wp-json\/wp\/v2\/posts\/713"}],"collection":[{"href":"https:\/\/latinaradio.cl\/index.php\/wp-json\/wp\/v2\/posts"}],"about":[{"href":"https:\/\/latinaradio.cl\/index.php\/wp-json\/wp\/v2\/types\/post"}],"author":[{"embeddable":true,"href":"https:\/\/latinaradio.cl\/index.php\/wp-json\/wp\/v2\/users\/2"}],"replies":[{"embeddable":true,"href":"https:\/\/latinaradio.cl\/index.php\/wp-json\/wp\/v2\/comments?post=713"}],"version-history":[{"count":1,"href":"https:\/\/latinaradio.cl\/index.php\/wp-json\/wp\/v2\/posts\/713\/revisions"}],"predecessor-version":[{"id":715,"href":"https:\/\/latinaradio.cl\/index.php\/wp-json\/wp\/v2\/posts\/713\/revisions\/715"}],"wp:featuredmedia":[{"embeddable":true,"href":"https:\/\/latinaradio.cl\/index.php\/wp-json\/wp\/v2\/media\/714"}],"wp:attachment":[{"href":"https:\/\/latinaradio.cl\/index.php\/wp-json\/wp\/v2\/media?parent=713"}],"wp:term":[{"taxonomy":"category","embeddable":true,"href":"https:\/\/latinaradio.cl\/index.php\/wp-json\/wp\/v2\/categories?post=713"},{"taxonomy":"post_tag","embeddable":true,"href":"https:\/\/latinaradio.cl\/index.php\/wp-json\/wp\/v2\/tags?post=713"}],"curies":[{"name":"wp","href":"https:\/\/api.w.org\/{rel}","templated":true}]}}