{"id":716,"date":"2025-05-29T22:14:51","date_gmt":"2025-05-30T01:14:51","guid":{"rendered":"https:\/\/latinaradio.cl\/?p=716"},"modified":"2025-05-29T22:14:51","modified_gmt":"2025-05-30T01:14:51","slug":"tasa-de-desocupacion-en-chile-llega-al-88-entre-febrero-y-abril-de-2025","status":"publish","type":"post","link":"https:\/\/latinaradio.cl\/index.php\/2025\/05\/29\/tasa-de-desocupacion-en-chile-llega-al-88-entre-febrero-y-abril-de-2025\/","title":{"rendered":"Tasa de desocupaci\u00f3n en Chile llega al 8,8% entre febrero y abril de 2025"},"content":{"rendered":"<p data-start=\"156\" data-end=\"482\">El Instituto Nacional de Estad\u00edsticas (INE) entreg\u00f3 los resultados de la Encuesta Nacional de Empleo correspondiente al trimestre febrero \u2013 abril de 2025, revelando que la tasa de desocupaci\u00f3n en Chile alcanz\u00f3 un 8,8%. Esto representa un aumento de 0,3 puntos porcentuales en comparaci\u00f3n con el mismo per\u00edodo del a\u00f1o anterior.<\/p>\n<p data-start=\"484\" data-end=\"733\">El alza se debe a que la fuerza de trabajo creci\u00f3 un 0,6%, mientras que las personas ocupadas aumentaron solo un 0,2%. En tanto, las personas desocupadas subieron un 4,3%, influido por quienes est\u00e1n cesantes y quienes buscan trabajo por primera vez.<\/p>\n<p data-start=\"735\" data-end=\"1122\"><strong data-start=\"735\" data-end=\"761\">Diferencias por g\u00e9nero<\/strong><br data-start=\"761\" data-end=\"764\">En las mujeres, la desocupaci\u00f3n alcanz\u00f3 el 9,7%, con un leve aumento de 0,2 puntos. La ocupaci\u00f3n baj\u00f3 a 47,6% y se registr\u00f3 un aumento del 1% en la cantidad de mujeres fuera de la fuerza laboral.<br data-start=\"959\" data-end=\"962\">En los hombres, la desocupaci\u00f3n fue de 8,2%, subiendo 0,4 puntos en un a\u00f1o. La ocupaci\u00f3n no mostr\u00f3 variaciones, mientras que la participaci\u00f3n laboral disminuy\u00f3.<\/p>\n<p data-start=\"1124\" data-end=\"1417\"><strong data-start=\"1124\" data-end=\"1157\">Sectores que generaron empleo<\/strong><br data-start=\"1157\" data-end=\"1160\">Los rubros que m\u00e1s aportaron al aumento de personas ocupadas fueron alojamiento y servicios de comida (8,8%), ense\u00f1anza (4,3%) y actividades financieras y de seguros (10,1%). El incremento se concentr\u00f3 principalmente en personas asalariadas formales (2,6%).<\/p>\n<p data-start=\"1419\" data-end=\"1609\"><strong data-start=\"1419\" data-end=\"1438\">Empleo informal<\/strong><br data-start=\"1438\" data-end=\"1441\">La ocupaci\u00f3n informal baj\u00f3 a 25,8%, disminuyendo 2,4 puntos porcentuales en un a\u00f1o. Tanto hombres como mujeres registraron importantes descensos en este tipo de empleo.<\/p>\n<p data-start=\"1611\" data-end=\"1795\"><strong data-start=\"1611\" data-end=\"1631\">Horas trabajadas<\/strong><br data-start=\"1631\" data-end=\"1634\">El promedio de horas efectivas trabajadas semanalmente lleg\u00f3 a 36,5, bajando 1,9%. Los hombres trabajaron 38,7 horas en promedio, mientras que las mujeres, 33,6.<\/p>\n<p data-start=\"1797\" data-end=\"2088\"><strong data-start=\"1797\" data-end=\"1821\">Regi\u00f3n Metropolitana<\/strong><br data-start=\"1821\" data-end=\"1824\">En la Regi\u00f3n Metropolitana, la desocupaci\u00f3n fue de 9,5%, con un alza de 0,3 puntos porcentuales. El empleo en la zona creci\u00f3 0,1%, impulsado por el aumento en los sectores de alojamiento y servicios de comida (15,9%) y actividades financieras y de seguros (16,9%).<\/p>\n","protected":false},"excerpt":{"rendered":"<p>El Instituto Nacional de Estad\u00edsticas (INE) entreg\u00f3 los resultados de la Encuesta Nacional de Empleo correspondiente al trimestre febrero \u2013 abril de 2025, revelando que la tasa de desocupaci\u00f3n en Chile alcanz\u00f3 un 8,8%. Esto representa un aumento de 0,3 puntos porcentuales en comparaci\u00f3n con el mismo per\u00edodo del a\u00f1o anterior. El alza se debe [&hellip;]<\/p>\n","protected":false},"author":2,"featured_media":717,"comment_status":"closed","ping_status":"open","sticky":false,"template":"","format":"standard","meta":[],"categories":[3],"tags":[],"_links":{"self":[{"href":"https:\/\/latinaradio.cl\/index.php\/wp-json\/wp\/v2\/posts\/716"}],"collection":[{"href":"https:\/\/latinaradio.cl\/index.php\/wp-json\/wp\/v2\/posts"}],"about":[{"href":"https:\/\/latinaradio.cl\/index.php\/wp-json\/wp\/v2\/types\/post"}],"author":[{"embeddable":true,"href":"https:\/\/latinaradio.cl\/index.php\/wp-json\/wp\/v2\/users\/2"}],"replies":[{"embeddable":true,"href":"https:\/\/latinaradio.cl\/index.php\/wp-json\/wp\/v2\/comments?post=716"}],"version-history":[{"count":1,"href":"https:\/\/latinaradio.cl\/index.php\/wp-json\/wp\/v2\/posts\/716\/revisions"}],"predecessor-version":[{"id":718,"href":"https:\/\/latinaradio.cl\/index.php\/wp-json\/wp\/v2\/posts\/716\/revisions\/718"}],"wp:featuredmedia":[{"embeddable":true,"href":"https:\/\/latinaradio.cl\/index.php\/wp-json\/wp\/v2\/media\/717"}],"wp:attachment":[{"href":"https:\/\/latinaradio.cl\/index.php\/wp-json\/wp\/v2\/media?parent=716"}],"wp:term":[{"taxonomy":"category","embeddable":true,"href":"https:\/\/latinaradio.cl\/index.php\/wp-json\/wp\/v2\/categories?post=716"},{"taxonomy":"post_tag","embeddable":true,"href":"https:\/\/latinaradio.cl\/index.php\/wp-json\/wp\/v2\/tags?post=716"}],"curies":[{"name":"wp","href":"https:\/\/api.w.org\/{rel}","templated":true}]}}