{"id":721,"date":"2025-05-29T22:43:21","date_gmt":"2025-05-30T01:43:21","guid":{"rendered":"https:\/\/latinaradio.cl\/?p=721"},"modified":"2025-05-29T22:43:21","modified_gmt":"2025-05-30T01:43:21","slug":"fiscalia-informa-que-el-cadaver-encontrado-en-los-andes-podria-ser-el-de-comerciante-desaparecido","status":"publish","type":"post","link":"https:\/\/latinaradio.cl\/index.php\/2025\/05\/29\/fiscalia-informa-que-el-cadaver-encontrado-en-los-andes-podria-ser-el-de-comerciante-desaparecido\/","title":{"rendered":"Fiscal\u00eda informa que el cad\u00e1ver encontrado en Los Andes podr\u00eda ser el de comerciante desaparecido"},"content":{"rendered":"<p data-start=\"189\" data-end=\"388\">En Los Andes, Regi\u00f3n de Valpara\u00edso, avanza la investigaci\u00f3n sobre la desaparici\u00f3n de Juan Antonio Campos Arancibia, un empresario del transporte de 62 a\u00f1os que fue visto por \u00faltima vez el 23 de mayo.<\/p>\n<p data-start=\"390\" data-end=\"699\">Seg\u00fan inform\u00f3 el fiscal jefe de Los Andes, Ricardo Reinoso, el cuerpo hallado este jueves en una acequia del sector rural Portezuela Amarillo podr\u00eda ser de Campos Arancibia. Aunque la identidad ser\u00e1 confirmada por el Servicio M\u00e9dico Legal, la vestimenta del cuerpo coincide con la del empresario desaparecido.<\/p>\n<p data-start=\"701\" data-end=\"976\">En relaci\u00f3n con el caso, se detuvo a tres personas de nacionalidad colombiana, quienes est\u00e1n acusadas de secuestro y uso indebido de tarjeta de cr\u00e9dito. Uno de los detenidos confes\u00f3 y entreg\u00f3 detalles sobre el lugar donde el cuerpo fue enterrado, lo que permiti\u00f3 su hallazgo.<\/p>\n<p data-start=\"978\" data-end=\"1070\">La investigaci\u00f3n sigue en curso para esclarecer los hechos y dar con todos los responsables.<\/p>\n","protected":false},"excerpt":{"rendered":"<p>En Los Andes, Regi\u00f3n de Valpara\u00edso, avanza la investigaci\u00f3n sobre la desaparici\u00f3n de Juan Antonio Campos Arancibia, un empresario del transporte de 62 a\u00f1os que fue visto por \u00faltima vez el 23 de mayo. Seg\u00fan inform\u00f3 el fiscal jefe de Los Andes, Ricardo Reinoso, el cuerpo hallado este jueves en una acequia del sector rural [&hellip;]<\/p>\n","protected":false},"author":2,"featured_media":722,"comment_status":"closed","ping_status":"open","sticky":false,"template":"","format":"standard","meta":[],"categories":[2],"tags":[],"_links":{"self":[{"href":"https:\/\/latinaradio.cl\/index.php\/wp-json\/wp\/v2\/posts\/721"}],"collection":[{"href":"https:\/\/latinaradio.cl\/index.php\/wp-json\/wp\/v2\/posts"}],"about":[{"href":"https:\/\/latinaradio.cl\/index.php\/wp-json\/wp\/v2\/types\/post"}],"author":[{"embeddable":true,"href":"https:\/\/latinaradio.cl\/index.php\/wp-json\/wp\/v2\/users\/2"}],"replies":[{"embeddable":true,"href":"https:\/\/latinaradio.cl\/index.php\/wp-json\/wp\/v2\/comments?post=721"}],"version-history":[{"count":1,"href":"https:\/\/latinaradio.cl\/index.php\/wp-json\/wp\/v2\/posts\/721\/revisions"}],"predecessor-version":[{"id":723,"href":"https:\/\/latinaradio.cl\/index.php\/wp-json\/wp\/v2\/posts\/721\/revisions\/723"}],"wp:featuredmedia":[{"embeddable":true,"href":"https:\/\/latinaradio.cl\/index.php\/wp-json\/wp\/v2\/media\/722"}],"wp:attachment":[{"href":"https:\/\/latinaradio.cl\/index.php\/wp-json\/wp\/v2\/media?parent=721"}],"wp:term":[{"taxonomy":"category","embeddable":true,"href":"https:\/\/latinaradio.cl\/index.php\/wp-json\/wp\/v2\/categories?post=721"},{"taxonomy":"post_tag","embeddable":true,"href":"https:\/\/latinaradio.cl\/index.php\/wp-json\/wp\/v2\/tags?post=721"}],"curies":[{"name":"wp","href":"https:\/\/api.w.org\/{rel}","templated":true}]}}