{"id":734,"date":"2025-05-30T23:26:56","date_gmt":"2025-05-31T02:26:56","guid":{"rendered":"https:\/\/latinaradio.cl\/?p=734"},"modified":"2025-05-30T23:26:56","modified_gmt":"2025-05-31T02:26:56","slug":"antonia-zegers-deslumbra-en-el-cine-espanol-con-su-primer-protagonico-internacional-en-los-tortuga","status":"publish","type":"post","link":"https:\/\/latinaradio.cl\/index.php\/2025\/05\/30\/antonia-zegers-deslumbra-en-el-cine-espanol-con-su-primer-protagonico-internacional-en-los-tortuga\/","title":{"rendered":"Antonia Zegers deslumbra en el cine espa\u00f1ol con su primer protag\u00f3nico internacional en &#8220;Los Tortuga&#8221;"},"content":{"rendered":"<p data-start=\"209\" data-end=\"502\">La actriz chilena Antonia Zegers ha dado un paso clave en su carrera internacional al protagonizar <em data-start=\"308\" data-end=\"321\">Los Tortuga<\/em>, la nueva pel\u00edcula de la directora espa\u00f1ola Bel\u00e9n Funes, que obtuvo tres galardones en el prestigioso Festival de M\u00e1laga: Premio Especial del Jurado, Mejor Direcci\u00f3n y Mejor Guion.<\/p>\n<p data-start=\"504\" data-end=\"825\">Zegers, ampliamente reconocida en Chile por su trabajo en telenovelas como <em data-start=\"579\" data-end=\"587\">Roman\u00e9<\/em> y pel\u00edculas como <em data-start=\"605\" data-end=\"614\">El Club<\/em> y <em data-start=\"617\" data-end=\"629\">El Castigo<\/em>, interpreta en esta ocasi\u00f3n a <strong data-start=\"660\" data-end=\"669\">Delia<\/strong>, una mujer chilena que lidia con el duelo por la muerte de su esposo andaluz mientras intenta reconstruir su vida en una Barcelona \u00e1spera, junto a su hija.<\/p>\n<p data-start=\"827\" data-end=\"1188\">La cinta, escrita por Funes en conjunto con Mar\u00e7al Cebri\u00e1n, aborda temas como el <strong data-start=\"908\" data-end=\"971\">desarraigo, la maternidad, el dolor y las luchas cotidianas<\/strong> con una mirada \u00edntima y profundamente humana. \u201cDelia es una mujer que am\u00f3 profundamente y no acepta que su esposo se haya ido\u201d, coment\u00f3 Zegers, quien confes\u00f3 haberse inspirado en su abuela para dar vida al personaje.<\/p>\n<p data-start=\"1190\" data-end=\"1406\">La actuaci\u00f3n de Antonia Zegers ha sido destacada por la cr\u00edtica espa\u00f1ola por su intensidad emocional y autenticidad, consolidando su presencia en el cine europeo y abriendo nuevas puertas a su carrera fuera de Chile.<\/p>\n","protected":false},"excerpt":{"rendered":"<p>La actriz chilena Antonia Zegers ha dado un paso clave en su carrera internacional al protagonizar Los Tortuga, la nueva pel\u00edcula de la directora espa\u00f1ola Bel\u00e9n Funes, que obtuvo tres galardones en el prestigioso Festival de M\u00e1laga: Premio Especial del Jurado, Mejor Direcci\u00f3n y Mejor Guion. Zegers, ampliamente reconocida en Chile por su trabajo en [&hellip;]<\/p>\n","protected":false},"author":2,"featured_media":735,"comment_status":"closed","ping_status":"open","sticky":false,"template":"","format":"standard","meta":[],"categories":[8],"tags":[],"_links":{"self":[{"href":"https:\/\/latinaradio.cl\/index.php\/wp-json\/wp\/v2\/posts\/734"}],"collection":[{"href":"https:\/\/latinaradio.cl\/index.php\/wp-json\/wp\/v2\/posts"}],"about":[{"href":"https:\/\/latinaradio.cl\/index.php\/wp-json\/wp\/v2\/types\/post"}],"author":[{"embeddable":true,"href":"https:\/\/latinaradio.cl\/index.php\/wp-json\/wp\/v2\/users\/2"}],"replies":[{"embeddable":true,"href":"https:\/\/latinaradio.cl\/index.php\/wp-json\/wp\/v2\/comments?post=734"}],"version-history":[{"count":1,"href":"https:\/\/latinaradio.cl\/index.php\/wp-json\/wp\/v2\/posts\/734\/revisions"}],"predecessor-version":[{"id":736,"href":"https:\/\/latinaradio.cl\/index.php\/wp-json\/wp\/v2\/posts\/734\/revisions\/736"}],"wp:featuredmedia":[{"embeddable":true,"href":"https:\/\/latinaradio.cl\/index.php\/wp-json\/wp\/v2\/media\/735"}],"wp:attachment":[{"href":"https:\/\/latinaradio.cl\/index.php\/wp-json\/wp\/v2\/media?parent=734"}],"wp:term":[{"taxonomy":"category","embeddable":true,"href":"https:\/\/latinaradio.cl\/index.php\/wp-json\/wp\/v2\/categories?post=734"},{"taxonomy":"post_tag","embeddable":true,"href":"https:\/\/latinaradio.cl\/index.php\/wp-json\/wp\/v2\/tags?post=734"}],"curies":[{"name":"wp","href":"https:\/\/api.w.org\/{rel}","templated":true}]}}