{"id":8074,"date":"2026-08-31T22:10:13","date_gmt":"2026-09-01T01:10:13","guid":{"rendered":"https:\/\/latinaradio.cl\/?p=8074"},"modified":"2026-08-31T22:10:13","modified_gmt":"2026-09-01T01:10:13","slug":"limache-busca-nuevos-talentos-abren-postulaciones-para-talento-vivo-2026","status":"publish","type":"post","link":"https:\/\/latinaradio.cl\/index.php\/2026\/08\/31\/limache-busca-nuevos-talentos-abren-postulaciones-para-talento-vivo-2026\/","title":{"rendered":"Limache busca nuevos talentos: abren postulaciones para \u201cTalento Vivo 2026\u201d"},"content":{"rendered":"<p data-start=\"81\" data-end=\"295\">La <strong data-start=\"84\" data-end=\"112\">Municipalidad de Limache<\/strong> abri\u00f3 la convocatoria para una nueva edici\u00f3n de <strong data-start=\"161\" data-end=\"184\">\u201cTalento Vivo 2026\u201d<\/strong>, iniciativa dirigida a j\u00f3venes de la comuna que quieran mostrar sus habilidades art\u00edsticas sobre el escenario.<\/p>\n<p data-start=\"297\" data-end=\"505\">El certamen est\u00e1 destinado a personas de entre <strong data-start=\"344\" data-end=\"360\">15 y 35 a\u00f1os<\/strong>, quienes podr\u00e1n presentar sus distintas expresiones y disciplinas art\u00edsticas y competir por parte de un <strong data-start=\"465\" data-end=\"504\">pozo total de $1.000.000 en premios<\/strong>.<\/p>\n<h3 data-section-id=\"ma4veo\" data-start=\"507\" data-end=\"543\">Postulaciones durante septiembre<\/h3>\n<p data-start=\"545\" data-end=\"730\">El proceso de inscripci\u00f3n estar\u00e1 disponible desde el <strong data-start=\"598\" data-end=\"637\">1 hasta el 30 de septiembre de 2026<\/strong>, por lo que los interesados tendr\u00e1n todo el mes para preparar y presentar sus postulaciones.<\/p>\n<p data-start=\"732\" data-end=\"907\">Las <strong data-start=\"736\" data-end=\"791\">bases del concurso y los formularios de inscripci\u00f3n<\/strong> pueden solicitarse de manera presencial en la <strong data-start=\"838\" data-end=\"864\">Oficina de la Juventud<\/strong> y en la <strong data-start=\"873\" data-end=\"895\">Casa de la Familia<\/strong> de Limache.<\/p>\n<p data-start=\"909\" data-end=\"1099\">Adem\u00e1s, quienes prefieran realizar el proceso de manera digital pueden acceder a la informaci\u00f3n y documentaci\u00f3n correspondiente a trav\u00e9s del sitio web oficial de la Municipalidad de Limache.<\/p>\n<p data-start=\"1101\" data-end=\"1362\">Desde el municipio hicieron un llamado a los j\u00f3venes talentos de la comuna a aprovechar esta oportunidad para <strong data-start=\"1211\" data-end=\"1361\">mostrar su trabajo, desarrollar sus capacidades art\u00edsticas y ser parte de una instancia que busca fortalecer la cultura y la participaci\u00f3n juvenil<\/strong>.<\/p>\n<p data-start=\"1364\" data-end=\"1588\" data-is-last-node=\"\" data-is-only-node=\"\">\u201cTalento Vivo 2026\u201d se presenta as\u00ed como un espacio para descubrir y visibilizar a las nuevas generaciones de artistas de Limache, entreg\u00e1ndoles la posibilidad de subir al escenario y compartir sus talentos con la comunidad.<\/p>\n","protected":false},"excerpt":{"rendered":"<p>La Municipalidad de Limache abri\u00f3 la convocatoria para una nueva edici\u00f3n de \u201cTalento Vivo 2026\u201d, iniciativa dirigida a j\u00f3venes de la comuna que quieran mostrar sus habilidades art\u00edsticas sobre el escenario. El certamen est\u00e1 destinado a personas de entre 15 y 35 a\u00f1os, quienes podr\u00e1n presentar sus distintas expresiones y disciplinas art\u00edsticas y competir por [&hellip;]<\/p>\n","protected":false},"author":2,"featured_media":8075,"comment_status":"closed","ping_status":"open","sticky":false,"template":"","format":"standard","meta":[],"categories":[10],"tags":[],"_links":{"self":[{"href":"https:\/\/latinaradio.cl\/index.php\/wp-json\/wp\/v2\/posts\/8074"}],"collection":[{"href":"https:\/\/latinaradio.cl\/index.php\/wp-json\/wp\/v2\/posts"}],"about":[{"href":"https:\/\/latinaradio.cl\/index.php\/wp-json\/wp\/v2\/types\/post"}],"author":[{"embeddable":true,"href":"https:\/\/latinaradio.cl\/index.php\/wp-json\/wp\/v2\/users\/2"}],"replies":[{"embeddable":true,"href":"https:\/\/latinaradio.cl\/index.php\/wp-json\/wp\/v2\/comments?post=8074"}],"version-history":[{"count":1,"href":"https:\/\/latinaradio.cl\/index.php\/wp-json\/wp\/v2\/posts\/8074\/revisions"}],"predecessor-version":[{"id":8076,"href":"https:\/\/latinaradio.cl\/index.php\/wp-json\/wp\/v2\/posts\/8074\/revisions\/8076"}],"wp:featuredmedia":[{"embeddable":true,"href":"https:\/\/latinaradio.cl\/index.php\/wp-json\/wp\/v2\/media\/8075"}],"wp:attachment":[{"href":"https:\/\/latinaradio.cl\/index.php\/wp-json\/wp\/v2\/media?parent=8074"}],"wp:term":[{"taxonomy":"category","embeddable":true,"href":"https:\/\/latinaradio.cl\/index.php\/wp-json\/wp\/v2\/categories?post=8074"},{"taxonomy":"post_tag","embeddable":true,"href":"https:\/\/latinaradio.cl\/index.php\/wp-json\/wp\/v2\/tags?post=8074"}],"curies":[{"name":"wp","href":"https:\/\/api.w.org\/{rel}","templated":true}]}}