{"id":8077,"date":"2026-08-31T22:22:25","date_gmt":"2026-09-01T01:22:25","guid":{"rendered":"https:\/\/latinaradio.cl\/?p=8077"},"modified":"2026-08-31T22:22:25","modified_gmt":"2026-09-01T01:22:25","slug":"limache-da-inicio-a-las-actividades-del-mes-de-la-patria-2026","status":"publish","type":"post","link":"https:\/\/latinaradio.cl\/index.php\/2026\/08\/31\/limache-da-inicio-a-las-actividades-del-mes-de-la-patria-2026\/","title":{"rendered":"Limache da inicio a las actividades del Mes de la Patria 2026"},"content":{"rendered":"<div class=\"qMYqUG_convSearchResultHighlightRoot\">\n<div class=\"\" data-turn-id-container=\"request-6a52cb79-5f3c-83e9-9d9e-35226a998a21-1\" data-is-intersecting=\"true\">\n<section class=\"text-token-text-primary w-full focus:outline-none has-data-writing-block:pointer-events-none [&amp;:has([data-writing-block])&gt;*]:pointer-events-auto R6Vx5W_threadScrollVars scroll-mb-[calc(var(--scroll-root-safe-area-inset-bottom,0px)+var(--thread-response-height))] scroll-mt-[calc(var(--header-height)+min(200px,max(70px,20svh)))]\" dir=\"auto\" data-turn-id=\"request-6a52cb79-5f3c-83e9-9d9e-35226a998a21-1\" data-turn-id-container=\"request-6a52cb79-5f3c-83e9-9d9e-35226a998a21-1\" data-testid=\"conversation-turn-14\" data-turn=\"assistant\">\n<div class=\"text-base my-auto mx-auto pb-8 [--thread-content-margin:var(--thread-content-margin-xs,calc(var(--spacing)*4))] @w-sm\/main:[--thread-content-margin:var(--thread-content-margin-sm,calc(var(--spacing)*6))] @w-lg\/main:[--thread-content-margin:var(--thread-content-margin-lg,calc(var(--spacing)*16))] px-(--thread-content-margin)\">\n<div class=\"[--thread-content-max-width:40rem] @w-lg\/main:[--thread-content-max-width:48rem] mx-auto max-w-(--thread-content-max-width) flex-1 group\/turn-messages focus-visible:outline-hidden relative flex w-full min-w-0 flex-col agent-turn\" data-conversation-screenshot-content=\"\">\n<div class=\"flex max-w-full flex-col gap-4 grow\">\n<div class=\"min-h-8 text-message relative flex w-full flex-col items-end gap-2 text-start break-words whitespace-normal outline-none keyboard-focused:focus-ring [.text-message+&amp;]:mt-1\" dir=\"auto\" tabindex=\"0\" data-message-author-role=\"assistant\" data-message-id=\"fcf3b70a-c088-45d3-b738-fb65052df208\" data-message-model-slug=\"gpt-5-6-mini\" data-turn-start-message=\"true\">\n<div class=\"flex w-full flex-col gap-1 empty:hidden\">\n<div class=\"markdown prose dark:prose-invert wrap-break-word w-full dark markdown-new-styling\">\n<p data-start=\"62\" data-end=\"281\">Con una alta participaci\u00f3n de vecinos, familias y agrupaciones folcl\u00f3ricas locales, <strong data-start=\"146\" data-end=\"215\">Limache dio inicio oficial a las actividades del Mes de la Patria<\/strong>, marcando el comienzo de la programaci\u00f3n comunal para septiembre.<\/p>\n<p data-start=\"283\" data-end=\"510\">La jornada se desarroll\u00f3 desde las <strong data-start=\"318\" data-end=\"364\">19:00 horas en la tradicional Plaza Adasme<\/strong>, donde se realiz\u00f3 el acto ceremonial de <strong data-start=\"405\" data-end=\"441\">Izamiento de la Bandera Nacional<\/strong>, dando el puntapi\u00e9 inicial a las celebraciones patrias en la comuna.<\/p>\n<p data-start=\"512\" data-end=\"742\">La actividad cont\u00f3 con la presencia de autoridades locales, vecinos y representantes de distintas agrupaciones folcl\u00f3ricas, quienes fueron protagonistas de las primeras presentaciones de <strong data-start=\"699\" data-end=\"741\">m\u00fasica y bailes tradicionales chilenos<\/strong>.<\/p>\n<p data-start=\"744\" data-end=\"960\">El encuentro permiti\u00f3 adem\u00e1s reunir a distintas generaciones en torno a las tradiciones nacionales, dando inicio a un calendario de actividades culturales y comunitarias que se extender\u00e1 durante las pr\u00f3ximas semanas.<\/p>\n<p data-start=\"962\" data-end=\"1237\">Desde el municipio destacaron la importancia de generar estos espacios de encuentro para que la comunidad pueda <strong data-start=\"1074\" data-end=\"1128\">celebrar y mantener vivas las tradiciones chilenas<\/strong>, invitando tanto a los habitantes de Limache como a quienes visiten la comuna durante este Mes de la Patria.<\/p>\n<p data-start=\"1239\" data-end=\"1476\" data-is-last-node=\"\" data-is-only-node=\"\">Con el tradicional izamiento de la bandera en Plaza Adasme, <strong data-start=\"1299\" data-end=\"1377\">Limache comienza as\u00ed oficialmente su agenda de celebraciones de septiembre<\/strong>, con actividades pensadas para disfrutar en familia y poner en valor la identidad y cultura local.<\/p>\n<\/div>\n<\/div>\n<\/div>\n<\/div>\n<div class=\"z-0 flex min-h-[46px] justify-start\"><\/div>\n<div class=\"mt-3 w-full empty:hidden has-[&gt;_:empty]:hidden\">\n<div class=\"text-center\"><\/div>\n<\/div>\n<\/div>\n<div class=\"[--thread-content-max-width:40rem] @w-lg\/main:[--thread-content-max-width:48rem] mx-auto max-w-(--thread-content-max-width) flex-1\" data-conversation-screenshot-content=\"\">\n<div><\/div>\n<\/div>\n<\/div>\n<\/section>\n<\/div>\n<\/div>\n<div class=\"pointer-events-none -mt-px h-px translate-y-(--scroll-root-safe-area-inset-bottom)\" aria-hidden=\"true\"><\/div>\n","protected":false},"excerpt":{"rendered":"<p>Con una alta participaci\u00f3n de vecinos, familias y agrupaciones folcl\u00f3ricas locales, Limache dio inicio oficial a las actividades del Mes de la Patria, marcando el comienzo de la programaci\u00f3n comunal para septiembre. La jornada se desarroll\u00f3 desde las 19:00 horas en la tradicional Plaza Adasme, donde se realiz\u00f3 el acto ceremonial de Izamiento de la [&hellip;]<\/p>\n","protected":false},"author":2,"featured_media":8078,"comment_status":"closed","ping_status":"open","sticky":false,"template":"","format":"standard","meta":[],"categories":[10],"tags":[],"_links":{"self":[{"href":"https:\/\/latinaradio.cl\/index.php\/wp-json\/wp\/v2\/posts\/8077"}],"collection":[{"href":"https:\/\/latinaradio.cl\/index.php\/wp-json\/wp\/v2\/posts"}],"about":[{"href":"https:\/\/latinaradio.cl\/index.php\/wp-json\/wp\/v2\/types\/post"}],"author":[{"embeddable":true,"href":"https:\/\/latinaradio.cl\/index.php\/wp-json\/wp\/v2\/users\/2"}],"replies":[{"embeddable":true,"href":"https:\/\/latinaradio.cl\/index.php\/wp-json\/wp\/v2\/comments?post=8077"}],"version-history":[{"count":1,"href":"https:\/\/latinaradio.cl\/index.php\/wp-json\/wp\/v2\/posts\/8077\/revisions"}],"predecessor-version":[{"id":8079,"href":"https:\/\/latinaradio.cl\/index.php\/wp-json\/wp\/v2\/posts\/8077\/revisions\/8079"}],"wp:featuredmedia":[{"embeddable":true,"href":"https:\/\/latinaradio.cl\/index.php\/wp-json\/wp\/v2\/media\/8078"}],"wp:attachment":[{"href":"https:\/\/latinaradio.cl\/index.php\/wp-json\/wp\/v2\/media?parent=8077"}],"wp:term":[{"taxonomy":"category","embeddable":true,"href":"https:\/\/latinaradio.cl\/index.php\/wp-json\/wp\/v2\/categories?post=8077"},{"taxonomy":"post_tag","embeddable":true,"href":"https:\/\/latinaradio.cl\/index.php\/wp-json\/wp\/v2\/tags?post=8077"}],"curies":[{"name":"wp","href":"https:\/\/api.w.org\/{rel}","templated":true}]}}