{"id":8080,"date":"2026-08-31T22:29:19","date_gmt":"2026-09-01T01:29:19","guid":{"rendered":"https:\/\/latinaradio.cl\/?p=8080"},"modified":"2026-08-31T22:29:19","modified_gmt":"2026-09-01T01:29:19","slug":"museo-del-inmigrante-de-valparaiso-incorpora-espacio-permanente-dedicado-a-la-historia-del-deporte","status":"publish","type":"post","link":"https:\/\/latinaradio.cl\/index.php\/2026\/08\/31\/museo-del-inmigrante-de-valparaiso-incorpora-espacio-permanente-dedicado-a-la-historia-del-deporte\/","title":{"rendered":"Museo del Inmigrante de Valpara\u00edso incorpora espacio permanente dedicado a la historia del deporte"},"content":{"rendered":"<div class=\"qMYqUG_convSearchResultHighlightRoot\">\n<div class=\"\" data-turn-id-container=\"request-6a52cb79-5f3c-83e9-9d9e-35226a998a21-2\" data-is-intersecting=\"true\">\n<section class=\"text-token-text-primary w-full focus:outline-none has-data-writing-block:pointer-events-none [&amp;:has([data-writing-block])&gt;*]:pointer-events-auto R6Vx5W_threadScrollVars scroll-mb-[calc(var(--scroll-root-safe-area-inset-bottom,0px)+var(--thread-response-height))] scroll-mt-[calc(var(--header-height)+min(200px,max(70px,20svh)))]\" dir=\"auto\" data-turn-id=\"request-6a52cb79-5f3c-83e9-9d9e-35226a998a21-2\" data-turn-id-container=\"request-6a52cb79-5f3c-83e9-9d9e-35226a998a21-2\" data-testid=\"conversation-turn-16\" data-turn=\"assistant\">\n<div class=\"text-base my-auto mx-auto pb-8 [--thread-content-margin:var(--thread-content-margin-xs,calc(var(--spacing)*4))] @w-sm\/main:[--thread-content-margin:var(--thread-content-margin-sm,calc(var(--spacing)*6))] @w-lg\/main:[--thread-content-margin:var(--thread-content-margin-lg,calc(var(--spacing)*16))] px-(--thread-content-margin)\">\n<div class=\"[--thread-content-max-width:40rem] @w-lg\/main:[--thread-content-max-width:48rem] mx-auto max-w-(--thread-content-max-width) flex-1 group\/turn-messages focus-visible:outline-hidden relative flex w-full min-w-0 flex-col agent-turn\" data-conversation-screenshot-content=\"\">\n<div class=\"flex max-w-full flex-col gap-4 grow\">\n<div class=\"min-h-8 text-message relative flex w-full flex-col items-end gap-2 text-start break-words whitespace-normal outline-none keyboard-focused:focus-ring [.text-message+&amp;]:mt-1\" dir=\"auto\" tabindex=\"0\" data-message-author-role=\"assistant\" data-message-id=\"d3cf5e7d-0d08-46f9-acd4-da3d192eaf8f\" data-message-model-slug=\"gpt-5-6-mini\" data-turn-start-message=\"true\">\n<div class=\"flex w-full flex-col gap-1 empty:hidden\">\n<div class=\"markdown prose dark:prose-invert wrap-break-word w-full dark markdown-new-styling\">\n<p data-start=\"104\" data-end=\"381\">A un a\u00f1o de su apertura, el <strong data-start=\"132\" data-end=\"178\">Museo del Inmigrante de Destino Valpara\u00edso<\/strong> ampli\u00f3 su recorrido interactivo con la incorporaci\u00f3n de un nuevo espacio permanente dedicado a la <strong data-start=\"277\" data-end=\"380\">historia del deporte y su desarrollo en Chile entre mediados del siglo XIX y comienzos del siglo XX<\/strong>.<\/p>\n<p data-start=\"383\" data-end=\"726\">La nueva sala lleva por nombre <strong data-start=\"414\" data-end=\"448\">\u201cValpara\u00edso, cuna del deporte\u201d<\/strong> y se encuentra instalada en el hist\u00f3rico gimnasio del antiguo <strong data-start=\"511\" data-end=\"543\">Colegio Alem\u00e1n de Valpara\u00edso<\/strong>. La propuesta busca poner en valor el papel que tuvieron las distintas comunidades extranjeras en la llegada, desarrollo e integraci\u00f3n de numerosas disciplinas deportivas en el pa\u00eds.<\/p>\n<p data-start=\"728\" data-end=\"1061\">Uno de los principales atractivos de la muestra es una <strong data-start=\"783\" data-end=\"858\">l\u00ednea de tiempo que recorre el surgimiento de 14 disciplinas deportivas<\/strong>, entre ellas f\u00fatbol, tenis, rugby, ciclismo y regatas. El recorrido tambi\u00e9n aborda la incorporaci\u00f3n progresiva de las mujeres a la pr\u00e1ctica deportiva y los cambios sociales que acompa\u00f1aron este proceso.<\/p>\n<h3 data-section-id=\"1vet1gy\" data-start=\"1063\" data-end=\"1107\">El aporte de las comunidades extranjeras<\/h3>\n<p data-start=\"1109\" data-end=\"1293\">La exposici\u00f3n destaca especialmente la influencia de distintas colectividades que se establecieron en Valpara\u00edso y que contribuyeron al desarrollo de diferentes actividades deportivas.<\/p>\n<p data-start=\"1295\" data-end=\"1525\">Entre los ejemplos presentados se encuentra el aporte de la <strong data-start=\"1355\" data-end=\"1387\">colonia italiana al ciclismo<\/strong>, la comunidad <strong data-start=\"1402\" data-end=\"1425\">\u00e1rabe al b\u00e1squetbol<\/strong>, la colectividad <strong data-start=\"1443\" data-end=\"1467\">alemana al andinismo<\/strong> y la influencia brit\u00e1nica en la pr\u00e1ctica del <strong data-start=\"1513\" data-end=\"1524\">cricket<\/strong>.<\/p>\n<p data-start=\"1527\" data-end=\"1793\">La muestra tambi\u00e9n reconoce la importancia hist\u00f3rica del <strong data-start=\"1584\" data-end=\"1612\">Valpara\u00edso Sporting Club<\/strong>, instituci\u00f3n que tuvo un papel relevante en el desarrollo deportivo de la ciudad y que se convirti\u00f3 en un punto de origen para distintas organizaciones vinculadas al deporte local.<\/p>\n<p data-start=\"1795\" data-end=\"2052\">Con esta nueva incorporaci\u00f3n, el Museo del Inmigrante busca mostrar que la historia deportiva de Valpara\u00edso tambi\u00e9n est\u00e1 estrechamente relacionada con la diversidad cultural de la ciudad y con el aporte de las comunidades extranjeras que llegaron al puerto.<\/p>\n<p data-start=\"2054\" data-end=\"2299\" data-is-last-node=\"\" data-is-only-node=\"\">As\u00ed, <strong data-start=\"2059\" data-end=\"2093\">\u201cValpara\u00edso, cuna del deporte\u201d<\/strong> se suma al recorrido permanente del museo como una nueva instancia para conocer c\u00f3mo el intercambio cultural ayud\u00f3 a transformar al puerto en uno de los principales puntos de desarrollo deportivo del pa\u00eds.<\/p>\n<\/div>\n<\/div>\n<\/div>\n<\/div>\n<div class=\"z-0 flex min-h-[46px] justify-start\"><\/div>\n<div class=\"mt-3 w-full empty:hidden has-[&gt;_:empty]:hidden\">\n<div class=\"text-center\"><\/div>\n<\/div>\n<\/div>\n<div class=\"[--thread-content-max-width:40rem] @w-lg\/main:[--thread-content-max-width:48rem] mx-auto max-w-(--thread-content-max-width) flex-1\" data-conversation-screenshot-content=\"\">\n<div><\/div>\n<\/div>\n<\/div>\n<\/section>\n<\/div>\n<\/div>\n<div class=\"pointer-events-none -mt-px h-px translate-y-(--scroll-root-safe-area-inset-bottom)\" aria-hidden=\"true\"><\/div>\n","protected":false},"excerpt":{"rendered":"<p>A un a\u00f1o de su apertura, el Museo del Inmigrante de Destino Valpara\u00edso ampli\u00f3 su recorrido interactivo con la incorporaci\u00f3n de un nuevo espacio permanente dedicado a la historia del deporte y su desarrollo en Chile entre mediados del siglo XIX y comienzos del siglo XX. La nueva sala lleva por nombre \u201cValpara\u00edso, cuna del [&hellip;]<\/p>\n","protected":false},"author":2,"featured_media":8081,"comment_status":"closed","ping_status":"open","sticky":false,"template":"","format":"standard","meta":[],"categories":[4],"tags":[],"_links":{"self":[{"href":"https:\/\/latinaradio.cl\/index.php\/wp-json\/wp\/v2\/posts\/8080"}],"collection":[{"href":"https:\/\/latinaradio.cl\/index.php\/wp-json\/wp\/v2\/posts"}],"about":[{"href":"https:\/\/latinaradio.cl\/index.php\/wp-json\/wp\/v2\/types\/post"}],"author":[{"embeddable":true,"href":"https:\/\/latinaradio.cl\/index.php\/wp-json\/wp\/v2\/users\/2"}],"replies":[{"embeddable":true,"href":"https:\/\/latinaradio.cl\/index.php\/wp-json\/wp\/v2\/comments?post=8080"}],"version-history":[{"count":1,"href":"https:\/\/latinaradio.cl\/index.php\/wp-json\/wp\/v2\/posts\/8080\/revisions"}],"predecessor-version":[{"id":8082,"href":"https:\/\/latinaradio.cl\/index.php\/wp-json\/wp\/v2\/posts\/8080\/revisions\/8082"}],"wp:featuredmedia":[{"embeddable":true,"href":"https:\/\/latinaradio.cl\/index.php\/wp-json\/wp\/v2\/media\/8081"}],"wp:attachment":[{"href":"https:\/\/latinaradio.cl\/index.php\/wp-json\/wp\/v2\/media?parent=8080"}],"wp:term":[{"taxonomy":"category","embeddable":true,"href":"https:\/\/latinaradio.cl\/index.php\/wp-json\/wp\/v2\/categories?post=8080"},{"taxonomy":"post_tag","embeddable":true,"href":"https:\/\/latinaradio.cl\/index.php\/wp-json\/wp\/v2\/tags?post=8080"}],"curies":[{"name":"wp","href":"https:\/\/api.w.org\/{rel}","templated":true}]}}