{"id":8083,"date":"2026-08-31T22:37:49","date_gmt":"2026-09-01T01:37:49","guid":{"rendered":"https:\/\/latinaradio.cl\/?p=8083"},"modified":"2026-08-31T22:37:49","modified_gmt":"2026-09-01T01:37:49","slug":"lionel-messi-anuncia-su-retiro-de-la-seleccion-argentina-a-los-39-anos","status":"publish","type":"post","link":"https:\/\/latinaradio.cl\/index.php\/2026\/08\/31\/lionel-messi-anuncia-su-retiro-de-la-seleccion-argentina-a-los-39-anos\/","title":{"rendered":"Lionel Messi anuncia su retiro de la selecci\u00f3n argentina a los 39 a\u00f1os"},"content":{"rendered":"<div class=\"qMYqUG_convSearchResultHighlightRoot\">\n<div class=\"\" data-turn-id-container=\"request-6a52cb79-5f3c-83e9-9d9e-35226a998a21-3\" data-is-intersecting=\"true\">\n<section class=\"text-token-text-primary w-full focus:outline-none has-data-writing-block:pointer-events-none [&amp;:has([data-writing-block])&gt;*]:pointer-events-auto R6Vx5W_threadScrollVars scroll-mb-[calc(var(--scroll-root-safe-area-inset-bottom,0px)+var(--thread-response-height))] scroll-mt-[calc(var(--header-height)+min(200px,max(70px,20svh)))]\" dir=\"auto\" data-turn-id=\"request-6a52cb79-5f3c-83e9-9d9e-35226a998a21-3\" data-turn-id-container=\"request-6a52cb79-5f3c-83e9-9d9e-35226a998a21-3\" data-testid=\"conversation-turn-18\" data-turn=\"assistant\">\n<div class=\"text-base my-auto mx-auto pb-8 [--thread-content-margin:var(--thread-content-margin-xs,calc(var(--spacing)*4))] @w-sm\/main:[--thread-content-margin:var(--thread-content-margin-sm,calc(var(--spacing)*6))] @w-lg\/main:[--thread-content-margin:var(--thread-content-margin-lg,calc(var(--spacing)*16))] px-(--thread-content-margin)\">\n<div class=\"[--thread-content-max-width:40rem] @w-lg\/main:[--thread-content-max-width:48rem] mx-auto max-w-(--thread-content-max-width) flex-1 group\/turn-messages focus-visible:outline-hidden relative flex w-full min-w-0 flex-col agent-turn\" data-conversation-screenshot-content=\"\">\n<div class=\"flex max-w-full flex-col gap-4 grow\">\n<div class=\"min-h-8 text-message relative flex w-full flex-col items-end gap-2 text-start break-words whitespace-normal outline-none keyboard-focused:focus-ring [.text-message+&amp;]:mt-1\" dir=\"auto\" tabindex=\"0\" data-message-author-role=\"assistant\" data-message-id=\"f8a55d0e-6d3c-4afd-8e49-988cc068d95f\" data-message-model-slug=\"gpt-5-6\" data-turn-start-message=\"true\">\n<div class=\"flex w-full flex-col gap-1 empty:hidden\">\n<div class=\"markdown prose dark:prose-invert wrap-break-word w-full dark markdown-new-styling\">\n<p data-start=\"76\" data-end=\"237\"><strong data-start=\"76\" data-end=\"149\">Lionel Messi anunci\u00f3 oficialmente su retiro de la selecci\u00f3n argentina<\/strong>, poniendo fin a una hist\u00f3rica etapa de dos d\u00e9cadas defendiendo la camiseta albiceleste.<\/p>\n<p data-start=\"239\" data-end=\"562\">El delantero y figura del <strong data-start=\"265\" data-end=\"280\">Inter Miami<\/strong> comunic\u00f3 su decisi\u00f3n este lunes 31 de agosto a trav\u00e9s de una carta manuscrita publicada en sus redes sociales, donde explic\u00f3 que se trata de una determinaci\u00f3n que ven\u00eda meditando desde hace alg\u00fan tiempo y que termin\u00f3 de consolidarse despu\u00e9s de la reciente final disputada en julio.<\/p>\n<p data-start=\"564\" data-end=\"760\">En su mensaje, el capit\u00e1n argentino reconoci\u00f3 que se trata de una decisi\u00f3n <strong data-start=\"639\" data-end=\"679\">dolorosa, pero profundamente pensada<\/strong>, luego de haber entregado todo por la selecci\u00f3n durante aproximadamente 20 a\u00f1os.<\/p>\n<p data-start=\"762\" data-end=\"1022\">Messi tambi\u00e9n hizo referencia al dif\u00edcil momento personal que atraves\u00f3 tras el fallecimiento de su padre, <strong data-start=\"868\" data-end=\"883\">Jorge Messi<\/strong>, ocurrido el pasado 8 de agosto, una situaci\u00f3n que habr\u00eda influido en el proceso de reflexi\u00f3n que finalmente lo llev\u00f3 a tomar la decisi\u00f3n.<\/p>\n<h3 data-section-id=\"nqhp3b\" data-start=\"1024\" data-end=\"1073\">Una era hist\u00f3rica con la camiseta albiceleste<\/h3>\n<p data-start=\"1075\" data-end=\"1360\">La salida de Messi marca el cierre de una de las etapas m\u00e1s importantes en la historia del f\u00fatbol argentino. Durante su trayectoria con la selecci\u00f3n, el delantero se convirti\u00f3 en el m\u00e1ximo referente del equipo y protagonista de algunos de los momentos m\u00e1s recordados de la Albiceleste.<\/p>\n<p data-start=\"1362\" data-end=\"1524\">El futbolista agradeci\u00f3 adem\u00e1s el cari\u00f1o y respaldo que recibi\u00f3 de los hinchas durante todos estos a\u00f1os y destac\u00f3 el v\u00ednculo construido con la camiseta argentina.<\/p>\n<p data-start=\"1526\" data-end=\"1713\">En su despedida, Messi se\u00f1al\u00f3 que ahora es momento de <strong data-start=\"1580\" data-end=\"1633\">dar paso a las nuevas generaciones de futbolistas<\/strong>, aunque dej\u00f3 claro que su relaci\u00f3n con la selecci\u00f3n no terminar\u00e1 completamente.<\/p>\n<p data-start=\"1715\" data-end=\"1844\">El hist\u00f3rico capit\u00e1n asegur\u00f3 que continuar\u00e1 acompa\u00f1ando al equipo nacional desde la tribuna, esta vez <strong data-start=\"1817\" data-end=\"1843\">como un aficionado m\u00e1s<\/strong>.<\/p>\n<p data-start=\"1846\" data-end=\"2059\" data-is-last-node=\"\" data-is-only-node=\"\">Despu\u00e9s de 20 a\u00f1os, Lionel Messi deja oficialmente la selecci\u00f3n argentina, cerrando un cap\u00edtulo que marc\u00f3 a varias generaciones de hinchas y que quedar\u00e1 como parte fundamental de la historia del f\u00fatbol trasandino.<\/p>\n<\/div>\n<\/div>\n<\/div>\n<\/div>\n<div class=\"z-0 flex min-h-[46px] justify-start\"><\/div>\n<div class=\"mt-3 w-full empty:hidden has-[&gt;_:empty]:hidden\">\n<div class=\"text-center\"><\/div>\n<\/div>\n<\/div>\n<div class=\"[--thread-content-max-width:40rem] @w-lg\/main:[--thread-content-max-width:48rem] mx-auto max-w-(--thread-content-max-width) flex-1\" data-conversation-screenshot-content=\"\">\n<div><\/div>\n<\/div>\n<\/div>\n<\/section>\n<\/div>\n<\/div>\n<div class=\"pointer-events-none -mt-px h-px translate-y-(--scroll-root-safe-area-inset-bottom)\" aria-hidden=\"true\"><\/div>\n","protected":false},"excerpt":{"rendered":"<p>Lionel Messi anunci\u00f3 oficialmente su retiro de la selecci\u00f3n argentina, poniendo fin a una hist\u00f3rica etapa de dos d\u00e9cadas defendiendo la camiseta albiceleste. El delantero y figura del Inter Miami comunic\u00f3 su decisi\u00f3n este lunes 31 de agosto a trav\u00e9s de una carta manuscrita publicada en sus redes sociales, donde explic\u00f3 que se trata de [&hellip;]<\/p>\n","protected":false},"author":2,"featured_media":8084,"comment_status":"closed","ping_status":"open","sticky":false,"template":"","format":"standard","meta":[],"categories":[5],"tags":[],"_links":{"self":[{"href":"https:\/\/latinaradio.cl\/index.php\/wp-json\/wp\/v2\/posts\/8083"}],"collection":[{"href":"https:\/\/latinaradio.cl\/index.php\/wp-json\/wp\/v2\/posts"}],"about":[{"href":"https:\/\/latinaradio.cl\/index.php\/wp-json\/wp\/v2\/types\/post"}],"author":[{"embeddable":true,"href":"https:\/\/latinaradio.cl\/index.php\/wp-json\/wp\/v2\/users\/2"}],"replies":[{"embeddable":true,"href":"https:\/\/latinaradio.cl\/index.php\/wp-json\/wp\/v2\/comments?post=8083"}],"version-history":[{"count":1,"href":"https:\/\/latinaradio.cl\/index.php\/wp-json\/wp\/v2\/posts\/8083\/revisions"}],"predecessor-version":[{"id":8085,"href":"https:\/\/latinaradio.cl\/index.php\/wp-json\/wp\/v2\/posts\/8083\/revisions\/8085"}],"wp:featuredmedia":[{"embeddable":true,"href":"https:\/\/latinaradio.cl\/index.php\/wp-json\/wp\/v2\/media\/8084"}],"wp:attachment":[{"href":"https:\/\/latinaradio.cl\/index.php\/wp-json\/wp\/v2\/media?parent=8083"}],"wp:term":[{"taxonomy":"category","embeddable":true,"href":"https:\/\/latinaradio.cl\/index.php\/wp-json\/wp\/v2\/categories?post=8083"},{"taxonomy":"post_tag","embeddable":true,"href":"https:\/\/latinaradio.cl\/index.php\/wp-json\/wp\/v2\/tags?post=8083"}],"curies":[{"name":"wp","href":"https:\/\/api.w.org\/{rel}","templated":true}]}}