{"id":8086,"date":"2026-08-31T22:51:45","date_gmt":"2026-09-01T01:51:45","guid":{"rendered":"https:\/\/latinaradio.cl\/?p=8086"},"modified":"2026-08-31T22:51:45","modified_gmt":"2026-09-01T01:51:45","slug":"olmue-fue-escenario-de-encuentro-cultural-que-reunio-a-agrupaciones-de-distintas-comunas-de-la-region","status":"publish","type":"post","link":"https:\/\/latinaradio.cl\/index.php\/2026\/08\/31\/olmue-fue-escenario-de-encuentro-cultural-que-reunio-a-agrupaciones-de-distintas-comunas-de-la-region\/","title":{"rendered":"Olmu\u00e9 fue escenario de encuentro cultural que reuni\u00f3 a agrupaciones de distintas comunas de la regi\u00f3n"},"content":{"rendered":"<p data-start=\"107\" data-end=\"423\">El <strong data-start=\"110\" data-end=\"155\">Sal\u00f3n Multiuso Luciano Placencio de Olmu\u00e9<\/strong> fue el punto de encuentro para una jornada cultural que reuni\u00f3 a agrupaciones art\u00edsticas provenientes de distintas comunas de la Regi\u00f3n de Valpara\u00edso, en una actividad orientada a fortalecer el intercambio territorial y poner en valor la identidad y el talento local.<\/p>\n<p data-start=\"425\" data-end=\"656\">La jornada cont\u00f3 con la presencia del <strong data-start=\"463\" data-end=\"494\">alcalde de Olmu\u00e9, Jorge Jil<\/strong>, junto a los concejales <strong data-start=\"519\" data-end=\"549\">Diego Uma\u00f1a y Tom\u00e1s Aranda<\/strong>, quienes acompa\u00f1aron las distintas presentaciones musicales y de danza desarrolladas durante el encuentro.<\/p>\n<p data-start=\"658\" data-end=\"842\">Entre los participantes estuvo la <strong data-start=\"692\" data-end=\"724\">Orquesta Sonidos de Quintero<\/strong>, integrada por m\u00e1s de 30 j\u00f3venes m\u00fasicos, quienes presentaron parte de su trabajo art\u00edstico ante el p\u00fablico olmue\u00edno.<\/p>\n<p data-start=\"844\" data-end=\"1052\">Tambi\u00e9n se present\u00f3 la agrupaci\u00f3n folcl\u00f3rica <strong data-start=\"889\" data-end=\"914\">Al Trinar del Chincol<\/strong>, proveniente de <strong data-start=\"931\" data-end=\"963\">Chincolco, comuna de Petorca<\/strong>, llevando hasta Olmu\u00e9 parte de las tradiciones musicales y folcl\u00f3ricas de esa localidad.<\/p>\n<p data-start=\"1054\" data-end=\"1385\">Uno de los momentos especiales de la jornada estuvo protagonizado por la <strong data-start=\"1127\" data-end=\"1167\">Orquesta Infantil y Juvenil de Olmu\u00e9<\/strong>, agrupaci\u00f3n que aprovech\u00f3 la ocasi\u00f3n para celebrar sus <strong data-start=\"1223\" data-end=\"1271\">10 a\u00f1os de trayectoria y trabajo comunitario<\/strong>, destacando el aporte que ha realizado durante una d\u00e9cada a la formaci\u00f3n musical de ni\u00f1os y j\u00f3venes de la comuna.<\/p>\n<h3 data-section-id=\"snofdm\" data-start=\"1387\" data-end=\"1422\">Cultura que conecta territorios<\/h3>\n<p data-start=\"1424\" data-end=\"1609\">La actividad fue posible gracias al trabajo coordinado entre las \u00e1reas de <strong data-start=\"1498\" data-end=\"1571\">Turismo y Cultura de las municipalidades de Olmu\u00e9, Quintero y Petorca<\/strong>, junto con la <strong data-start=\"1586\" data-end=\"1608\">Red Ramal Cultural<\/strong>.<\/p>\n<p data-start=\"1611\" data-end=\"1804\">La iniciativa busc\u00f3 generar un espacio de encuentro entre artistas y comunidades, demostrando c\u00f3mo la cultura puede convertirse en un punto de conexi\u00f3n entre distintas localidades de la regi\u00f3n.<\/p>\n<p data-start=\"1806\" data-end=\"2110\" data-is-last-node=\"\" data-is-only-node=\"\">De esta manera, Olmu\u00e9 fue escenario de una jornada que combin\u00f3 <strong data-start=\"1869\" data-end=\"1924\">m\u00fasica, danza, folclore y participaci\u00f3n comunitaria<\/strong>, fortaleciendo los v\u00ednculos entre las comunas y destacando el trabajo que realizan las agrupaciones art\u00edsticas locales para mantener vivas las expresiones culturales de sus territorios.<\/p>\n","protected":false},"excerpt":{"rendered":"<p>El Sal\u00f3n Multiuso Luciano Placencio de Olmu\u00e9 fue el punto de encuentro para una jornada cultural que reuni\u00f3 a agrupaciones art\u00edsticas provenientes de distintas comunas de la Regi\u00f3n de Valpara\u00edso, en una actividad orientada a fortalecer el intercambio territorial y poner en valor la identidad y el talento local. La jornada cont\u00f3 con la presencia [&hellip;]<\/p>\n","protected":false},"author":2,"featured_media":8087,"comment_status":"closed","ping_status":"open","sticky":false,"template":"","format":"standard","meta":[],"categories":[9],"tags":[],"_links":{"self":[{"href":"https:\/\/latinaradio.cl\/index.php\/wp-json\/wp\/v2\/posts\/8086"}],"collection":[{"href":"https:\/\/latinaradio.cl\/index.php\/wp-json\/wp\/v2\/posts"}],"about":[{"href":"https:\/\/latinaradio.cl\/index.php\/wp-json\/wp\/v2\/types\/post"}],"author":[{"embeddable":true,"href":"https:\/\/latinaradio.cl\/index.php\/wp-json\/wp\/v2\/users\/2"}],"replies":[{"embeddable":true,"href":"https:\/\/latinaradio.cl\/index.php\/wp-json\/wp\/v2\/comments?post=8086"}],"version-history":[{"count":1,"href":"https:\/\/latinaradio.cl\/index.php\/wp-json\/wp\/v2\/posts\/8086\/revisions"}],"predecessor-version":[{"id":8088,"href":"https:\/\/latinaradio.cl\/index.php\/wp-json\/wp\/v2\/posts\/8086\/revisions\/8088"}],"wp:featuredmedia":[{"embeddable":true,"href":"https:\/\/latinaradio.cl\/index.php\/wp-json\/wp\/v2\/media\/8087"}],"wp:attachment":[{"href":"https:\/\/latinaradio.cl\/index.php\/wp-json\/wp\/v2\/media?parent=8086"}],"wp:term":[{"taxonomy":"category","embeddable":true,"href":"https:\/\/latinaradio.cl\/index.php\/wp-json\/wp\/v2\/categories?post=8086"},{"taxonomy":"post_tag","embeddable":true,"href":"https:\/\/latinaradio.cl\/index.php\/wp-json\/wp\/v2\/tags?post=8086"}],"curies":[{"name":"wp","href":"https:\/\/api.w.org\/{rel}","templated":true}]}}