{"id":8089,"date":"2026-08-31T22:59:23","date_gmt":"2026-09-01T01:59:23","guid":{"rendered":"https:\/\/latinaradio.cl\/?p=8089"},"modified":"2026-08-31T22:59:23","modified_gmt":"2026-09-01T01:59:23","slug":"decretan-prision-preventiva-para-hombre-imputado-por-parricidio-frustrado-contra-su-hijo-de-cinco-anos-en-vina-del-mar","status":"publish","type":"post","link":"https:\/\/latinaradio.cl\/index.php\/2026\/08\/31\/decretan-prision-preventiva-para-hombre-imputado-por-parricidio-frustrado-contra-su-hijo-de-cinco-anos-en-vina-del-mar\/","title":{"rendered":"Decretan prisi\u00f3n preventiva para hombre imputado por parricidio frustrado contra su hijo de cinco a\u00f1os en Vi\u00f1a del Mar"},"content":{"rendered":"<p data-start=\"124\" data-end=\"382\">El <strong data-start=\"127\" data-end=\"166\">Juzgado de Garant\u00eda de Vi\u00f1a del Mar<\/strong> decret\u00f3 la medida cautelar de <strong data-start=\"197\" data-end=\"219\">prisi\u00f3n preventiva<\/strong> para P.E.O.I., imputado como autor del delito de <strong data-start=\"269\" data-end=\"293\">parricidio frustrado<\/strong> en contra de su hijo de cinco a\u00f1os, por un hecho ocurrido el pasado jueves 27 de agosto.<\/p>\n<p data-start=\"384\" data-end=\"726\">Durante la audiencia de formalizaci\u00f3n, la magistrada <strong data-start=\"437\" data-end=\"453\">Eliana Uribe<\/strong> resolvi\u00f3 que la libertad del imputado representa un peligro para la seguridad de la sociedad y para la propia v\u00edctima, considerando la gravedad de los antecedentes expuestos por el Ministerio P\u00fablico y la elevada pena que contempla la legislaci\u00f3n para este tipo de delito.<\/p>\n<p data-start=\"728\" data-end=\"917\">Ante esta determinaci\u00f3n, el tribunal orden\u00f3 el ingreso del imputado al <strong data-start=\"799\" data-end=\"839\">Complejo Penitenciario de Valpara\u00edso<\/strong>, donde permanecer\u00e1 privado de libertad mientras contin\u00faa el proceso judicial.<\/p>\n<h3 data-section-id=\"uf0d9m\" data-start=\"919\" data-end=\"963\">Investigaci\u00f3n tendr\u00e1 un plazo de 60 d\u00edas<\/h3>\n<p data-start=\"965\" data-end=\"1291\">La jueza adem\u00e1s estableci\u00f3 un plazo de <strong data-start=\"1004\" data-end=\"1050\">60 d\u00edas para el cierre de la investigaci\u00f3n<\/strong>, per\u00edodo en el que la Fiscal\u00eda deber\u00e1 desarrollar las diligencias destinadas a esclarecer completamente las circunstancias en que ocurri\u00f3 el ataque y reunir los antecedentes necesarios para determinar las responsabilidades correspondientes.<\/p>\n<p data-start=\"1293\" data-end=\"1585\">Junto con la medida cautelar, el tribunal orden\u00f3 remitir los antecedentes al <strong data-start=\"1370\" data-end=\"1408\">Juzgado de Familia de Vi\u00f1a del Mar<\/strong>, con el objetivo de evaluar la existencia de eventuales vulneraciones a los derechos del menor y determinar si son necesarias medidas adicionales para garantizar su protecci\u00f3n.<\/p>\n<p data-start=\"1587\" data-end=\"1750\" data-is-last-node=\"\" data-is-only-node=\"\">El caso contin\u00faa bajo investigaci\u00f3n y el imputado permanecer\u00e1 en prisi\u00f3n preventiva mientras se desarrollan las diligencias establecidas por el Ministerio P\u00fablico.<\/p>\n","protected":false},"excerpt":{"rendered":"<p>El Juzgado de Garant\u00eda de Vi\u00f1a del Mar decret\u00f3 la medida cautelar de prisi\u00f3n preventiva para P.E.O.I., imputado como autor del delito de parricidio frustrado en contra de su hijo de cinco a\u00f1os, por un hecho ocurrido el pasado jueves 27 de agosto. Durante la audiencia de formalizaci\u00f3n, la magistrada Eliana Uribe resolvi\u00f3 que la [&hellip;]<\/p>\n","protected":false},"author":2,"featured_media":8090,"comment_status":"closed","ping_status":"open","sticky":false,"template":"","format":"standard","meta":[],"categories":[4],"tags":[],"_links":{"self":[{"href":"https:\/\/latinaradio.cl\/index.php\/wp-json\/wp\/v2\/posts\/8089"}],"collection":[{"href":"https:\/\/latinaradio.cl\/index.php\/wp-json\/wp\/v2\/posts"}],"about":[{"href":"https:\/\/latinaradio.cl\/index.php\/wp-json\/wp\/v2\/types\/post"}],"author":[{"embeddable":true,"href":"https:\/\/latinaradio.cl\/index.php\/wp-json\/wp\/v2\/users\/2"}],"replies":[{"embeddable":true,"href":"https:\/\/latinaradio.cl\/index.php\/wp-json\/wp\/v2\/comments?post=8089"}],"version-history":[{"count":1,"href":"https:\/\/latinaradio.cl\/index.php\/wp-json\/wp\/v2\/posts\/8089\/revisions"}],"predecessor-version":[{"id":8091,"href":"https:\/\/latinaradio.cl\/index.php\/wp-json\/wp\/v2\/posts\/8089\/revisions\/8091"}],"wp:featuredmedia":[{"embeddable":true,"href":"https:\/\/latinaradio.cl\/index.php\/wp-json\/wp\/v2\/media\/8090"}],"wp:attachment":[{"href":"https:\/\/latinaradio.cl\/index.php\/wp-json\/wp\/v2\/media?parent=8089"}],"wp:term":[{"taxonomy":"category","embeddable":true,"href":"https:\/\/latinaradio.cl\/index.php\/wp-json\/wp\/v2\/categories?post=8089"},{"taxonomy":"post_tag","embeddable":true,"href":"https:\/\/latinaradio.cl\/index.php\/wp-json\/wp\/v2\/tags?post=8089"}],"curies":[{"name":"wp","href":"https:\/\/api.w.org\/{rel}","templated":true}]}}