{"id":8092,"date":"2026-08-31T23:04:09","date_gmt":"2026-09-01T02:04:09","guid":{"rendered":"https:\/\/latinaradio.cl\/?p=8092"},"modified":"2026-08-31T23:04:09","modified_gmt":"2026-09-01T02:04:09","slug":"sara-montecinos-vuelve-a-hacer-historia-y-se-corona-campeona-mundial-a-los-72-anos","status":"publish","type":"post","link":"https:\/\/latinaradio.cl\/index.php\/2026\/08\/31\/sara-montecinos-vuelve-a-hacer-historia-y-se-corona-campeona-mundial-a-los-72-anos\/","title":{"rendered":"Sara Montecinos vuelve a hacer historia y se corona campeona mundial a los 72 a\u00f1os"},"content":{"rendered":"<p data-start=\"88\" data-end=\"344\">La atleta chilena <strong data-start=\"106\" data-end=\"125\">Sara Montecinos<\/strong>, de 72 a\u00f1os, volvi\u00f3 a poner el nombre de Chile en lo m\u00e1s alto del atletismo internacional tras conquistar la <strong data-start=\"235\" data-end=\"298\">medalla de oro en los 200 metros planos de la categor\u00eda W70<\/strong> en el Mundial M\u00e1ster de Daegu, Corea del Sur.<\/p>\n<p data-start=\"346\" data-end=\"538\">La deportista nacional complet\u00f3 la prueba con un tiempo de <strong data-start=\"405\" data-end=\"423\">30,33 segundos<\/strong>, registro que le permiti\u00f3 quedarse con el primer lugar y sumar un nuevo t\u00edtulo mundial a su destacada trayectoria.<\/p>\n<h3 data-section-id=\"p6i8xp\" data-start=\"540\" data-end=\"568\">Repite el t\u00edtulo mundial<\/h3>\n<p data-start=\"570\" data-end=\"771\">Este triunfo tiene un significado especial para Montecinos, ya que le permiti\u00f3 <strong data-start=\"649\" data-end=\"749\">revalidar el campeonato obtenido en la misma prueba durante el Mundial M\u00e1ster de Gotemburgo 2024<\/strong>, disputado en Suecia.<\/p>\n<p data-start=\"773\" data-end=\"943\">De esta manera, la atleta chilena vuelve a demostrar su vigencia en las competencias internacionales y confirma su lugar entre las principales exponentes de su categor\u00eda.<\/p>\n<p data-start=\"945\" data-end=\"1105\">A sus 72 a\u00f1os, Sara Montecinos contin\u00faa compitiendo al m\u00e1s alto nivel y demostrando que la edad no es un impedimento para alcanzar grandes objetivos deportivos.<\/p>\n<p data-start=\"1107\" data-end=\"1297\" data-is-last-node=\"\" data-is-only-node=\"\">Su nueva consagraci\u00f3n en Corea del Sur representa un orgullo para el atletismo chileno y se suma a una trayectoria marcada por la perseverancia, la disciplina y el compromiso con el deporte.<\/p>\n","protected":false},"excerpt":{"rendered":"<p>La atleta chilena Sara Montecinos, de 72 a\u00f1os, volvi\u00f3 a poner el nombre de Chile en lo m\u00e1s alto del atletismo internacional tras conquistar la medalla de oro en los 200 metros planos de la categor\u00eda W70 en el Mundial M\u00e1ster de Daegu, Corea del Sur. La deportista nacional complet\u00f3 la prueba con un tiempo [&hellip;]<\/p>\n","protected":false},"author":2,"featured_media":8093,"comment_status":"closed","ping_status":"open","sticky":false,"template":"","format":"standard","meta":[],"categories":[5],"tags":[],"_links":{"self":[{"href":"https:\/\/latinaradio.cl\/index.php\/wp-json\/wp\/v2\/posts\/8092"}],"collection":[{"href":"https:\/\/latinaradio.cl\/index.php\/wp-json\/wp\/v2\/posts"}],"about":[{"href":"https:\/\/latinaradio.cl\/index.php\/wp-json\/wp\/v2\/types\/post"}],"author":[{"embeddable":true,"href":"https:\/\/latinaradio.cl\/index.php\/wp-json\/wp\/v2\/users\/2"}],"replies":[{"embeddable":true,"href":"https:\/\/latinaradio.cl\/index.php\/wp-json\/wp\/v2\/comments?post=8092"}],"version-history":[{"count":1,"href":"https:\/\/latinaradio.cl\/index.php\/wp-json\/wp\/v2\/posts\/8092\/revisions"}],"predecessor-version":[{"id":8094,"href":"https:\/\/latinaradio.cl\/index.php\/wp-json\/wp\/v2\/posts\/8092\/revisions\/8094"}],"wp:featuredmedia":[{"embeddable":true,"href":"https:\/\/latinaradio.cl\/index.php\/wp-json\/wp\/v2\/media\/8093"}],"wp:attachment":[{"href":"https:\/\/latinaradio.cl\/index.php\/wp-json\/wp\/v2\/media?parent=8092"}],"wp:term":[{"taxonomy":"category","embeddable":true,"href":"https:\/\/latinaradio.cl\/index.php\/wp-json\/wp\/v2\/categories?post=8092"},{"taxonomy":"post_tag","embeddable":true,"href":"https:\/\/latinaradio.cl\/index.php\/wp-json\/wp\/v2\/tags?post=8092"}],"curies":[{"name":"wp","href":"https:\/\/api.w.org\/{rel}","templated":true}]}}