{"id":8101,"date":"2026-08-31T23:17:21","date_gmt":"2026-09-01T02:17:21","guid":{"rendered":"https:\/\/latinaradio.cl\/?p=8101"},"modified":"2026-08-31T23:17:21","modified_gmt":"2026-09-01T02:17:21","slug":"javier-milei-viajara-a-chile-y-se-reunira-con-jose-antonio-kast-en-la-moneda","status":"publish","type":"post","link":"https:\/\/latinaradio.cl\/index.php\/2026\/08\/31\/javier-milei-viajara-a-chile-y-se-reunira-con-jose-antonio-kast-en-la-moneda\/","title":{"rendered":"Javier Milei viajar\u00e1 a Chile y se reunir\u00e1 con Jos\u00e9 Antonio Kast en La Moneda"},"content":{"rendered":"<div class=\"qMYqUG_convSearchResultHighlightRoot\">\n<div class=\"\" data-turn-id-container=\"request-6a52cb79-5f3c-83e9-9d9e-35226a998a21-9\" data-is-intersecting=\"true\">\n<section class=\"text-token-text-primary w-full focus:outline-none has-data-writing-block:pointer-events-none [&amp;:has([data-writing-block])&gt;*]:pointer-events-auto R6Vx5W_threadScrollVars scroll-mb-[calc(var(--scroll-root-safe-area-inset-bottom,0px)+var(--thread-response-height))] scroll-mt-[calc(var(--header-height)+min(200px,max(70px,20svh)))]\" dir=\"auto\" data-turn-id=\"request-6a52cb79-5f3c-83e9-9d9e-35226a998a21-9\" data-turn-id-container=\"request-6a52cb79-5f3c-83e9-9d9e-35226a998a21-9\" data-testid=\"conversation-turn-30\" data-turn=\"assistant\">\n<div class=\"text-base my-auto mx-auto pb-8 [--thread-content-margin:var(--thread-content-margin-xs,calc(var(--spacing)*4))] @w-sm\/main:[--thread-content-margin:var(--thread-content-margin-sm,calc(var(--spacing)*6))] @w-lg\/main:[--thread-content-margin:var(--thread-content-margin-lg,calc(var(--spacing)*16))] px-(--thread-content-margin)\">\n<div class=\"[--thread-content-max-width:40rem] @w-lg\/main:[--thread-content-max-width:48rem] mx-auto max-w-(--thread-content-max-width) flex-1 group\/turn-messages focus-visible:outline-hidden relative flex w-full min-w-0 flex-col agent-turn\" data-conversation-screenshot-content=\"\">\n<div class=\"flex max-w-full flex-col gap-4 grow\">\n<div class=\"min-h-8 text-message relative flex w-full flex-col items-end gap-2 text-start break-words whitespace-normal outline-none keyboard-focused:focus-ring [.text-message+&amp;]:mt-1\" dir=\"auto\" tabindex=\"0\" data-message-author-role=\"assistant\" data-message-id=\"5eb0b969-1ff7-4d5a-b875-75bb88fb12b8\" data-message-model-slug=\"gpt-5-6-mini\" data-turn-start-message=\"true\">\n<div class=\"flex w-full flex-col gap-1 empty:hidden\">\n<div class=\"markdown prose dark:prose-invert wrap-break-word w-full dark markdown-new-styling\">\n<p data-start=\"82\" data-end=\"323\">El presidente de Argentina, <strong data-start=\"110\" data-end=\"126\">Javier Milei<\/strong>, viajar\u00e1 a Santiago este jueves <strong data-start=\"159\" data-end=\"178\">3 de septiembre<\/strong> para participar en una nueva edici\u00f3n del <strong data-start=\"220\" data-end=\"235\">Foro Madrid<\/strong>, encuentro que re\u00fane a l\u00edderes y referentes de la derecha conservadora de Iberoam\u00e9rica.<\/p>\n<p data-start=\"325\" data-end=\"568\">Durante su visita, el mandatario argentino tiene contemplada una exposici\u00f3n en el <strong data-start=\"407\" data-end=\"452\">Centro de Eventos San Carlos de Apoquindo<\/strong>, adem\u00e1s de un encuentro con <strong data-start=\"481\" data-end=\"497\">Sarah Rogers<\/strong>, subsecretaria de Estado para la Diplomacia P\u00fablica de Estados Unidos.<\/p>\n<p data-start=\"570\" data-end=\"758\">Posteriormente, Milei se trasladar\u00e1 hasta el <strong data-start=\"615\" data-end=\"639\">Palacio de La Moneda<\/strong>, donde est\u00e1 programada una reuni\u00f3n bilateral con el presidente de Chile, <strong data-start=\"713\" data-end=\"734\">Jos\u00e9 Antonio Kast<\/strong>, a las <strong data-start=\"742\" data-end=\"757\">11:30 horas<\/strong>.<\/p>\n<h3 data-section-id=\"oazyqo\" data-start=\"760\" data-end=\"816\">Encuentro marcado por la relaci\u00f3n entre ambos pa\u00edses<\/h3>\n<p data-start=\"818\" data-end=\"1009\">La reuni\u00f3n entre los mandatarios se produce en un momento de especial inter\u00e9s para las relaciones entre Chile y Argentina, debido a la intenci\u00f3n de ambos gobiernos de fortalecer sus v\u00ednculos.<\/p>\n<p data-start=\"1011\" data-end=\"1248\">El encuentro tambi\u00e9n ocurre despu\u00e9s del reciente <strong data-start=\"1060\" data-end=\"1102\">impasse diplom\u00e1tico entre ambos pa\u00edses<\/strong>, originado por declaraciones relacionadas con la soberan\u00eda del <strong data-start=\"1166\" data-end=\"1192\">Estrecho de Magallanes<\/strong>, situaci\u00f3n que gener\u00f3 respuestas desde ambos gobiernos.<\/p>\n<p data-start=\"1250\" data-end=\"1452\">La reuni\u00f3n en La Moneda permitir\u00e1 abordar la relaci\u00f3n bilateral y distintos temas de inter\u00e9s com\u00fan, en medio de un escenario pol\u00edtico regional marcado por la cercan\u00eda ideol\u00f3gica entre ambos mandatarios.<\/p>\n<h3 data-section-id=\"172ocx7\" data-start=\"1454\" data-end=\"1494\">Foro Madrid se realizar\u00e1 en Santiago<\/h3>\n<p data-start=\"1496\" data-end=\"1715\">La visita de Milei se enmarca adem\u00e1s en la quinta edici\u00f3n del <strong data-start=\"1558\" data-end=\"1573\">Foro Madrid<\/strong>, que tendr\u00e1 como sede Santiago y se desarrollar\u00e1 durante los d\u00edas <strong data-start=\"1640\" data-end=\"1663\">3 y 4 de septiembre<\/strong> bajo el lema <strong data-start=\"1677\" data-end=\"1714\">\u201cUna nueva era para Iberoam\u00e9rica\u201d<\/strong>.<\/p>\n<p data-start=\"1717\" data-end=\"1874\">El presidente Jos\u00e9 Antonio Kast tambi\u00e9n participar\u00e1 en el encuentro, que congregar\u00e1 a representantes pol\u00edticos y referentes de distintos pa\u00edses de la regi\u00f3n.<\/p>\n<p data-start=\"1876\" data-end=\"2126\" data-is-last-node=\"\" data-is-only-node=\"\">La presencia de Milei en Chile y su reuni\u00f3n con Kast concentran as\u00ed parte de la atenci\u00f3n de la agenda pol\u00edtica de esta semana, especialmente por el contexto de la relaci\u00f3n bilateral y la participaci\u00f3n de ambos gobiernos en el encuentro internacional.<\/p>\n<\/div>\n<\/div>\n<\/div>\n<\/div>\n<div class=\"z-0 flex min-h-[46px] justify-start\"><\/div>\n<div class=\"mt-3 w-full empty:hidden has-[&gt;_:empty]:hidden\">\n<div class=\"text-center\"><\/div>\n<\/div>\n<\/div>\n<div class=\"[--thread-content-max-width:40rem] @w-lg\/main:[--thread-content-max-width:48rem] mx-auto max-w-(--thread-content-max-width) flex-1\" data-conversation-screenshot-content=\"\">\n<div><\/div>\n<\/div>\n<\/div>\n<\/section>\n<\/div>\n<\/div>\n<div class=\"pointer-events-none -mt-px h-px translate-y-(--scroll-root-safe-area-inset-bottom)\" aria-hidden=\"true\"><\/div>\n","protected":false},"excerpt":{"rendered":"<p>El presidente de Argentina, Javier Milei, viajar\u00e1 a Santiago este jueves 3 de septiembre para participar en una nueva edici\u00f3n del Foro Madrid, encuentro que re\u00fane a l\u00edderes y referentes de la derecha conservadora de Iberoam\u00e9rica. Durante su visita, el mandatario argentino tiene contemplada una exposici\u00f3n en el Centro de Eventos San Carlos de Apoquindo, [&hellip;]<\/p>\n","protected":false},"author":2,"featured_media":8102,"comment_status":"closed","ping_status":"open","sticky":false,"template":"","format":"standard","meta":[],"categories":[3],"tags":[],"_links":{"self":[{"href":"https:\/\/latinaradio.cl\/index.php\/wp-json\/wp\/v2\/posts\/8101"}],"collection":[{"href":"https:\/\/latinaradio.cl\/index.php\/wp-json\/wp\/v2\/posts"}],"about":[{"href":"https:\/\/latinaradio.cl\/index.php\/wp-json\/wp\/v2\/types\/post"}],"author":[{"embeddable":true,"href":"https:\/\/latinaradio.cl\/index.php\/wp-json\/wp\/v2\/users\/2"}],"replies":[{"embeddable":true,"href":"https:\/\/latinaradio.cl\/index.php\/wp-json\/wp\/v2\/comments?post=8101"}],"version-history":[{"count":1,"href":"https:\/\/latinaradio.cl\/index.php\/wp-json\/wp\/v2\/posts\/8101\/revisions"}],"predecessor-version":[{"id":8103,"href":"https:\/\/latinaradio.cl\/index.php\/wp-json\/wp\/v2\/posts\/8101\/revisions\/8103"}],"wp:featuredmedia":[{"embeddable":true,"href":"https:\/\/latinaradio.cl\/index.php\/wp-json\/wp\/v2\/media\/8102"}],"wp:attachment":[{"href":"https:\/\/latinaradio.cl\/index.php\/wp-json\/wp\/v2\/media?parent=8101"}],"wp:term":[{"taxonomy":"category","embeddable":true,"href":"https:\/\/latinaradio.cl\/index.php\/wp-json\/wp\/v2\/categories?post=8101"},{"taxonomy":"post_tag","embeddable":true,"href":"https:\/\/latinaradio.cl\/index.php\/wp-json\/wp\/v2\/tags?post=8101"}],"curies":[{"name":"wp","href":"https:\/\/api.w.org\/{rel}","templated":true}]}}