{"id":8104,"date":"2026-08-31T23:20:55","date_gmt":"2026-09-01T02:20:55","guid":{"rendered":"https:\/\/latinaradio.cl\/?p=8104"},"modified":"2026-08-31T23:20:55","modified_gmt":"2026-09-01T02:20:55","slug":"google-maps-cambia-el-nombre-del-lago-ontario-a-lago-america-para-usuarios-de-estados-unidos","status":"publish","type":"post","link":"https:\/\/latinaradio.cl\/index.php\/2026\/08\/31\/google-maps-cambia-el-nombre-del-lago-ontario-a-lago-america-para-usuarios-de-estados-unidos\/","title":{"rendered":"Google Maps cambia el nombre del lago Ontario a \u201cLago Am\u00e9rica\u201d para usuarios de Estados Unidos"},"content":{"rendered":"<div class=\"qMYqUG_convSearchResultHighlightRoot\">\n<div class=\"\" data-turn-id-container=\"request-6a52cb79-5f3c-83e9-9d9e-35226a998a21-10\" data-is-intersecting=\"true\">\n<section class=\"text-token-text-primary w-full focus:outline-none has-data-writing-block:pointer-events-none [&amp;:has([data-writing-block])&gt;*]:pointer-events-auto R6Vx5W_threadScrollVars scroll-mb-[calc(var(--scroll-root-safe-area-inset-bottom,0px)+var(--thread-response-height))] scroll-mt-[calc(var(--header-height)+min(200px,max(70px,20svh)))]\" dir=\"auto\" data-turn-id=\"request-6a52cb79-5f3c-83e9-9d9e-35226a998a21-10\" data-turn-id-container=\"request-6a52cb79-5f3c-83e9-9d9e-35226a998a21-10\" data-testid=\"conversation-turn-32\" data-turn=\"assistant\">\n<div class=\"text-base my-auto mx-auto pb-8 [--thread-content-margin:var(--thread-content-margin-xs,calc(var(--spacing)*4))] @w-sm\/main:[--thread-content-margin:var(--thread-content-margin-sm,calc(var(--spacing)*6))] @w-lg\/main:[--thread-content-margin:var(--thread-content-margin-lg,calc(var(--spacing)*16))] px-(--thread-content-margin)\">\n<div class=\"[--thread-content-max-width:40rem] @w-lg\/main:[--thread-content-max-width:48rem] mx-auto max-w-(--thread-content-max-width) flex-1 group\/turn-messages focus-visible:outline-hidden relative flex w-full min-w-0 flex-col agent-turn\" data-conversation-screenshot-content=\"\">\n<div class=\"flex max-w-full flex-col gap-4 grow\">\n<div class=\"min-h-8 text-message relative flex w-full flex-col items-end gap-2 text-start break-words whitespace-normal outline-none keyboard-focused:focus-ring [.text-message+&amp;]:mt-1\" dir=\"auto\" tabindex=\"0\" data-message-author-role=\"assistant\" data-message-id=\"96069e17-81a5-439a-8bb5-b93f2923c337\" data-message-model-slug=\"gpt-5-6-mini\" data-turn-start-message=\"true\">\n<div class=\"flex w-full flex-col gap-1 empty:hidden\">\n<div class=\"markdown prose dark:prose-invert wrap-break-word w-full dark markdown-new-styling\">\n<p data-start=\"100\" data-end=\"326\"><strong data-start=\"100\" data-end=\"210\">Google Maps modific\u00f3 la denominaci\u00f3n del lago Ontario a \u201cLago Am\u00e9rica\u201d para los usuarios de Estados Unidos<\/strong>, en una decisi\u00f3n que se produce luego de una orden ejecutiva firmada por el presidente estadounidense Donald Trump.<\/p>\n<p data-start=\"328\" data-end=\"467\">El cambio afecta al lago Ontario, uno de los cinco Grandes Lagos de Norteam\u00e9rica, ubicado en la frontera entre <strong data-start=\"439\" data-end=\"466\">Estados Unidos y Canad\u00e1<\/strong>.<\/p>\n<p data-start=\"469\" data-end=\"700\">La modificaci\u00f3n fue celebrada p\u00fablicamente por <strong data-start=\"516\" data-end=\"533\">Steven Cheung<\/strong>, director de comunicaciones de la Casa Blanca, quien destac\u00f3 el cambio a trav\u00e9s de sus redes sociales y escribi\u00f3: <strong data-start=\"648\" data-end=\"699\">\u201c\u00a1Es oficial! \u00a1Es LAGO AM\u00c9RICA en Google Maps!\u201d<\/strong>.<\/p>\n<h3 data-section-id=\"19nxxud\" data-start=\"702\" data-end=\"726\">Rechazo desde Canad\u00e1<\/h3>\n<p data-start=\"728\" data-end=\"899\">La decisi\u00f3n gener\u00f3 una r\u00e1pida reacci\u00f3n en Canad\u00e1, donde autoridades cuestionaron la modificaci\u00f3n de una denominaci\u00f3n geogr\u00e1fica compartida hist\u00f3ricamente por ambos pa\u00edses.<\/p>\n<p data-start=\"901\" data-end=\"1067\">El primer ministro de la provincia de Ontario, <strong data-start=\"948\" data-end=\"961\">Doug Ford<\/strong>, calific\u00f3 la medida como \u201ccompletamente absurda\u201d y asegur\u00f3 que <strong data-start=\"1025\" data-end=\"1066\">\u201cnadie lo va a llamar \u2018Lago Am\u00e9rica\u2019\u201d<\/strong>.<\/p>\n<p data-start=\"1069\" data-end=\"1334\">La controversia ocurre adem\u00e1s en un contexto de tensiones comerciales y pol\u00edticas entre Washington y Ottawa, aumentando la repercusi\u00f3n de una decisi\u00f3n que, aunque se aplica de manera diferenciada seg\u00fan el territorio, tiene implicancias simb\u00f3licas para ambos pa\u00edses.<\/p>\n<h3 data-section-id=\"jqi66c\" data-start=\"1336\" data-end=\"1392\">El nombre depender\u00e1 del pa\u00eds desde donde se consulte<\/h3>\n<p data-start=\"1394\" data-end=\"1600\">De acuerdo con la actualizaci\u00f3n de la plataforma, <strong data-start=\"1444\" data-end=\"1530\">los usuarios de Google Maps en Estados Unidos ver\u00e1n la denominaci\u00f3n \u201cLago Am\u00e9rica\u201d<\/strong>, mientras que en Canad\u00e1 continuar\u00e1 apareciendo como <strong data-start=\"1583\" data-end=\"1599\">lago Ontario<\/strong>.<\/p>\n<p data-start=\"1602\" data-end=\"1768\">En otros pa\u00edses, Google Maps mostrar\u00e1 ambas denominaciones, permitiendo visualizar tanto el nombre tradicional como la nueva denominaci\u00f3n utilizada en Estados Unidos.<\/p>\n<p data-start=\"1770\" data-end=\"1997\" data-is-last-node=\"\" data-is-only-node=\"\">El cambio ha generado una nueva disputa diplom\u00e1tica y cultural entre ambos pa\u00edses, con Canad\u00e1 rechazando que Estados Unidos modifique unilateralmente el nombre con el que hist\u00f3ricamente se conoce este cuerpo de agua compartido.<\/p>\n<\/div>\n<\/div>\n<\/div>\n<\/div>\n<div class=\"z-0 flex min-h-[46px] justify-start\"><\/div>\n<div class=\"mt-3 w-full empty:hidden has-[&gt;_:empty]:hidden\">\n<div class=\"text-center\"><\/div>\n<\/div>\n<\/div>\n<div class=\"[--thread-content-max-width:40rem] @w-lg\/main:[--thread-content-max-width:48rem] mx-auto max-w-(--thread-content-max-width) flex-1\" data-conversation-screenshot-content=\"\">\n<div><\/div>\n<\/div>\n<\/div>\n<\/section>\n<\/div>\n<\/div>\n<div class=\"pointer-events-none -mt-px h-px translate-y-(--scroll-root-safe-area-inset-bottom)\" aria-hidden=\"true\"><\/div>\n","protected":false},"excerpt":{"rendered":"<p>Google Maps modific\u00f3 la denominaci\u00f3n del lago Ontario a \u201cLago Am\u00e9rica\u201d para los usuarios de Estados Unidos, en una decisi\u00f3n que se produce luego de una orden ejecutiva firmada por el presidente estadounidense Donald Trump. El cambio afecta al lago Ontario, uno de los cinco Grandes Lagos de Norteam\u00e9rica, ubicado en la frontera entre Estados [&hellip;]<\/p>\n","protected":false},"author":2,"featured_media":8105,"comment_status":"closed","ping_status":"open","sticky":false,"template":"","format":"standard","meta":[],"categories":[1],"tags":[],"_links":{"self":[{"href":"https:\/\/latinaradio.cl\/index.php\/wp-json\/wp\/v2\/posts\/8104"}],"collection":[{"href":"https:\/\/latinaradio.cl\/index.php\/wp-json\/wp\/v2\/posts"}],"about":[{"href":"https:\/\/latinaradio.cl\/index.php\/wp-json\/wp\/v2\/types\/post"}],"author":[{"embeddable":true,"href":"https:\/\/latinaradio.cl\/index.php\/wp-json\/wp\/v2\/users\/2"}],"replies":[{"embeddable":true,"href":"https:\/\/latinaradio.cl\/index.php\/wp-json\/wp\/v2\/comments?post=8104"}],"version-history":[{"count":1,"href":"https:\/\/latinaradio.cl\/index.php\/wp-json\/wp\/v2\/posts\/8104\/revisions"}],"predecessor-version":[{"id":8106,"href":"https:\/\/latinaradio.cl\/index.php\/wp-json\/wp\/v2\/posts\/8104\/revisions\/8106"}],"wp:featuredmedia":[{"embeddable":true,"href":"https:\/\/latinaradio.cl\/index.php\/wp-json\/wp\/v2\/media\/8105"}],"wp:attachment":[{"href":"https:\/\/latinaradio.cl\/index.php\/wp-json\/wp\/v2\/media?parent=8104"}],"wp:term":[{"taxonomy":"category","embeddable":true,"href":"https:\/\/latinaradio.cl\/index.php\/wp-json\/wp\/v2\/categories?post=8104"},{"taxonomy":"post_tag","embeddable":true,"href":"https:\/\/latinaradio.cl\/index.php\/wp-json\/wp\/v2\/tags?post=8104"}],"curies":[{"name":"wp","href":"https:\/\/api.w.org\/{rel}","templated":true}]}}