{"id":8113,"date":"2026-09-01T22:19:21","date_gmt":"2026-09-02T01:19:21","guid":{"rendered":"https:\/\/latinaradio.cl\/?p=8113"},"modified":"2026-09-01T22:19:21","modified_gmt":"2026-09-02T01:19:21","slug":"nina-de-quilpue-gana-concurso-haz-que-despeguen-y-viajara-a-la-nasa-en-2027","status":"publish","type":"post","link":"https:\/\/latinaradio.cl\/index.php\/2026\/09\/01\/nina-de-quilpue-gana-concurso-haz-que-despeguen-y-viajara-a-la-nasa-en-2027\/","title":{"rendered":"Ni\u00f1a de Quilpu\u00e9 gana concurso \u201cHaz que Despeguen\u201d y viajar\u00e1 a la NASA en 2027"},"content":{"rendered":"<p>Una experiencia que dif\u00edcilmente olvidar\u00e1 vivir\u00e1 Isabella Lara Z\u00fa\u00f1iga, una ni\u00f1a de cuatro a\u00f1os de Quilpu\u00e9, quien fue seleccionada como ganadora de la Regi\u00f3n de Valpara\u00edso del concurso \u201cHaz que Despeguen\u201d, iniciativa que busca incentivar la asistencia regular de ni\u00f1os y ni\u00f1as a la educaci\u00f3n parvularia.<\/p>\n<p>Isabella es alumna del nivel medio mayor del Jard\u00edn Infantil Millaray y durante el primer semestre de 2026 alcanz\u00f3 un <strong>91% de asistencia<\/strong>, superando el m\u00ednimo de 90% exigido por el concurso.<\/p>\n<p>Gracias a este logro, la peque\u00f1a tendr\u00e1 la oportunidad de viajar en enero de 2027 junto a su madre, Ana Z\u00fa\u00f1iga, con todos los gastos pagados, hasta Estados Unidos para conocer el <strong>Centro Espacial Kennedy de la NASA<\/strong>, uno de los principales atractivos de esta experiencia.<\/p>\n<p>La ni\u00f1a fue escogida entre los <strong>2.594 p\u00e1rvulos de la Regi\u00f3n de Valpara\u00edso<\/strong> que participaron en la convocatoria. A nivel nacional, en tanto, el concurso reuni\u00f3 a m\u00e1s de <strong>26 mil ni\u00f1os y ni\u00f1as<\/strong> pertenecientes a jardines infantiles y establecimientos p\u00fablicos y particulares subvencionados.<\/p>\n<p>Su madre destac\u00f3 la importancia del reconocimiento y la emoci\u00f3n que representa para toda la familia.<\/p>\n<p>\u201cEste premio es un orgullo inmenso para nuestra familia. Estamos muy felices por el logro de Isabella\u201d, se\u00f1al\u00f3 Ana Z\u00fa\u00f1iga, quien agreg\u00f3 que cada jornada en el jard\u00edn infantil representa para su hija una nueva oportunidad para aprender y adquirir conocimientos y herramientas.<\/p>\n<p>El viaje, que tendr\u00e1 como principal destino el Centro Espacial Kennedy, tambi\u00e9n contempla visitas a <strong>Magic Kingdom de Disney y Legoland<\/strong>, convirti\u00e9ndose en una experiencia que combinar\u00e1 educaci\u00f3n, entretenimiento y acercamiento al mundo de la ciencia y el espacio.<\/p>\n<p>De esta manera, la constancia de Isabella durante sus primeros a\u00f1os de educaci\u00f3n no solo le permiti\u00f3 convertirse en la ganadora regional del concurso, sino tambi\u00e9n cumplir el sue\u00f1o de conocer uno de los lugares m\u00e1s emblem\u00e1ticos de la exploraci\u00f3n espacial.<\/p>\n","protected":false},"excerpt":{"rendered":"<p>Una experiencia que dif\u00edcilmente olvidar\u00e1 vivir\u00e1 Isabella Lara Z\u00fa\u00f1iga, una ni\u00f1a de cuatro a\u00f1os de Quilpu\u00e9, quien fue seleccionada como ganadora de la Regi\u00f3n de Valpara\u00edso del concurso \u201cHaz que Despeguen\u201d, iniciativa que busca incentivar la asistencia regular de ni\u00f1os y ni\u00f1as a la educaci\u00f3n parvularia. Isabella es alumna del nivel medio mayor del Jard\u00edn [&hellip;]<\/p>\n","protected":false},"author":2,"featured_media":8114,"comment_status":"closed","ping_status":"open","sticky":false,"template":"","format":"standard","meta":[],"categories":[4],"tags":[],"_links":{"self":[{"href":"https:\/\/latinaradio.cl\/index.php\/wp-json\/wp\/v2\/posts\/8113"}],"collection":[{"href":"https:\/\/latinaradio.cl\/index.php\/wp-json\/wp\/v2\/posts"}],"about":[{"href":"https:\/\/latinaradio.cl\/index.php\/wp-json\/wp\/v2\/types\/post"}],"author":[{"embeddable":true,"href":"https:\/\/latinaradio.cl\/index.php\/wp-json\/wp\/v2\/users\/2"}],"replies":[{"embeddable":true,"href":"https:\/\/latinaradio.cl\/index.php\/wp-json\/wp\/v2\/comments?post=8113"}],"version-history":[{"count":1,"href":"https:\/\/latinaradio.cl\/index.php\/wp-json\/wp\/v2\/posts\/8113\/revisions"}],"predecessor-version":[{"id":8115,"href":"https:\/\/latinaradio.cl\/index.php\/wp-json\/wp\/v2\/posts\/8113\/revisions\/8115"}],"wp:featuredmedia":[{"embeddable":true,"href":"https:\/\/latinaradio.cl\/index.php\/wp-json\/wp\/v2\/media\/8114"}],"wp:attachment":[{"href":"https:\/\/latinaradio.cl\/index.php\/wp-json\/wp\/v2\/media?parent=8113"}],"wp:term":[{"taxonomy":"category","embeddable":true,"href":"https:\/\/latinaradio.cl\/index.php\/wp-json\/wp\/v2\/categories?post=8113"},{"taxonomy":"post_tag","embeddable":true,"href":"https:\/\/latinaradio.cl\/index.php\/wp-json\/wp\/v2\/tags?post=8113"}],"curies":[{"name":"wp","href":"https:\/\/api.w.org\/{rel}","templated":true}]}}