{"id":8116,"date":"2026-09-01T22:30:35","date_gmt":"2026-09-02T01:30:35","guid":{"rendered":"https:\/\/latinaradio.cl\/?p=8116"},"modified":"2026-09-01T22:30:35","modified_gmt":"2026-09-02T01:30:35","slug":"pgu-aumenta-desde-este-1-de-septiembre-para-personas-entre-75-y-81-anos","status":"publish","type":"post","link":"https:\/\/latinaradio.cl\/index.php\/2026\/09\/01\/pgu-aumenta-desde-este-1-de-septiembre-para-personas-entre-75-y-81-anos\/","title":{"rendered":"PGU aumenta desde este 1 de septiembre para personas entre 75 y 81 a\u00f1os"},"content":{"rendered":"<p>Desde este martes 1 de septiembre, m\u00e1s de <strong>500 mil personas entre 75 y 81 a\u00f1os<\/strong> comenzar\u00e1n a recibir un aumento en el monto m\u00e1ximo de la <strong>Pensi\u00f3n Garantizada Universal (PGU)<\/strong>, como parte de la implementaci\u00f3n gradual de la reforma previsional.<\/p>\n<p>El beneficio pasar\u00e1 de <strong>$231.732 a $250.275 mensuales<\/strong> para quienes reciben la PGU en su totalidad. El reajuste se realizar\u00e1 de manera autom\u00e1tica, por lo que las personas beneficiarias <strong>no deber\u00e1n realizar ning\u00fan tr\u00e1mite<\/strong> para acceder al nuevo monto.<\/p>\n<p>Este corresponde al segundo grupo etario que recibe el incremento. En septiembre de 2025, el aumento comenz\u00f3 para las personas de <strong>82 a\u00f1os o m\u00e1s<\/strong>, mientras que la implementaci\u00f3n continuar\u00e1 de manera progresiva hasta septiembre de 2027.<\/p>\n<p>A partir de esa fecha, el nuevo monto m\u00e1ximo de la PGU se extender\u00e1 a todas las personas de <strong>65 a\u00f1os o m\u00e1s<\/strong> que cumplan con los requisitos establecidos para acceder al beneficio.<\/p>\n<h2>Aguinaldo de Fiestas Patrias<\/h2>\n<p>Durante septiembre tambi\u00e9n cerca de <strong>2,9 millones de pensionados<\/strong> recibir\u00e1n el tradicional <strong>aguinaldo de Fiestas Patrias<\/strong>, beneficio que ser\u00e1 incorporado directamente en sus pagos habituales.<\/p>\n<p>Desde el Instituto de Previsi\u00f3n Social (IPS) hicieron adem\u00e1s un llamado a la comunidad a mantenerse alerta frente a posibles estafas relacionadas con estos beneficios.<\/p>\n<p>Las autoridades recordaron que <strong>no se solicitan antecedentes personales mediante mensajes de texto, llamadas o contactos a trav\u00e9s de canales no oficiales<\/strong> para acceder a la PGU, sus aumentos o el aguinaldo.<\/p>\n<p>Por ello, recomendaron no entregar informaci\u00f3n personal, claves ni datos bancarios a desconocidos y verificar cualquier comunicaci\u00f3n directamente a trav\u00e9s de los canales oficiales del Instituto de Previsi\u00f3n Social.<\/p>\n","protected":false},"excerpt":{"rendered":"<p>Desde este martes 1 de septiembre, m\u00e1s de 500 mil personas entre 75 y 81 a\u00f1os comenzar\u00e1n a recibir un aumento en el monto m\u00e1ximo de la Pensi\u00f3n Garantizada Universal (PGU), como parte de la implementaci\u00f3n gradual de la reforma previsional. El beneficio pasar\u00e1 de $231.732 a $250.275 mensuales para quienes reciben la PGU en [&hellip;]<\/p>\n","protected":false},"author":2,"featured_media":0,"comment_status":"closed","ping_status":"open","sticky":false,"template":"","format":"standard","meta":[],"categories":[3],"tags":[],"_links":{"self":[{"href":"https:\/\/latinaradio.cl\/index.php\/wp-json\/wp\/v2\/posts\/8116"}],"collection":[{"href":"https:\/\/latinaradio.cl\/index.php\/wp-json\/wp\/v2\/posts"}],"about":[{"href":"https:\/\/latinaradio.cl\/index.php\/wp-json\/wp\/v2\/types\/post"}],"author":[{"embeddable":true,"href":"https:\/\/latinaradio.cl\/index.php\/wp-json\/wp\/v2\/users\/2"}],"replies":[{"embeddable":true,"href":"https:\/\/latinaradio.cl\/index.php\/wp-json\/wp\/v2\/comments?post=8116"}],"version-history":[{"count":1,"href":"https:\/\/latinaradio.cl\/index.php\/wp-json\/wp\/v2\/posts\/8116\/revisions"}],"predecessor-version":[{"id":8117,"href":"https:\/\/latinaradio.cl\/index.php\/wp-json\/wp\/v2\/posts\/8116\/revisions\/8117"}],"wp:attachment":[{"href":"https:\/\/latinaradio.cl\/index.php\/wp-json\/wp\/v2\/media?parent=8116"}],"wp:term":[{"taxonomy":"category","embeddable":true,"href":"https:\/\/latinaradio.cl\/index.php\/wp-json\/wp\/v2\/categories?post=8116"},{"taxonomy":"post_tag","embeddable":true,"href":"https:\/\/latinaradio.cl\/index.php\/wp-json\/wp\/v2\/tags?post=8116"}],"curies":[{"name":"wp","href":"https:\/\/api.w.org\/{rel}","templated":true}]}}