{"id":8118,"date":"2026-09-01T22:43:53","date_gmt":"2026-09-02T01:43:53","guid":{"rendered":"https:\/\/latinaradio.cl\/?p=8118"},"modified":"2026-09-01T22:43:53","modified_gmt":"2026-09-02T01:43:53","slug":"autoridades-analizan-situacion-agricola-y-sistemas-de-riego-durante-visita-a-rinconada","status":"publish","type":"post","link":"https:\/\/latinaradio.cl\/index.php\/2026\/09\/01\/autoridades-analizan-situacion-agricola-y-sistemas-de-riego-durante-visita-a-rinconada\/","title":{"rendered":"Autoridades analizan situaci\u00f3n agr\u00edcola y sistemas de riego durante visita a Rinconada"},"content":{"rendered":"<p>El seremi de Agricultura de la Regi\u00f3n de Valpara\u00edso, Nicol\u00e1s Prado Garc\u00eda-Huidobro, realiz\u00f3 una visita de trabajo a la comuna de Rinconada, donde se reuni\u00f3 con el alcalde Juan Galdames Carmona para abordar las principales necesidades y desaf\u00edos que enfrenta actualmente el sector agr\u00edcola de la zona.<\/p>\n<p>Durante el encuentro, las autoridades analizaron especialmente el impacto de las p\u00e9rdidas registradas en las producciones de uva de mesa, adem\u00e1s de la necesidad de avanzar en la tecnificaci\u00f3n de los sistemas de riego para mejorar la eficiencia en el uso del agua y fortalecer la actividad agr\u00edcola local.<\/p>\n<p>Uno de los puntos abordados fue la situaci\u00f3n del cultivo de alfalfa, donde se plante\u00f3 la importancia de incorporar nuevas tecnolog\u00edas de riego que permitan optimizar los recursos disponibles y apoyar a los productores frente a las dificultades que enfrenta el sector.<\/p>\n<h2>Recorrido por iniciativas comunales<\/h2>\n<p>Como parte de la agenda en terreno, el seremi de Agricultura recorri\u00f3 las instalaciones de la Planta de Lombricultura y el vivero de \u00e1rboles nativos ubicados en el Parque Comunal de Rinconada.<\/p>\n<p>Ambas iniciativas est\u00e1n orientadas al aprovechamiento de residuos org\u00e1nicos para la elaboraci\u00f3n de abonos y al desarrollo de programas de reforestaci\u00f3n, promoviendo pr\u00e1cticas vinculadas con la sustentabilidad y el cuidado del medioambiente.<\/p>\n<p>La jornada tambi\u00e9n contempl\u00f3 un recorrido por predios pertenecientes a peque\u00f1os crianceros de ganado caprino, instancia que permiti\u00f3 conocer directamente la realidad de los productores y evaluar las condiciones actuales de la actividad pecuaria en la comuna.<\/p>\n<p>La visita permiti\u00f3 fortalecer el trabajo conjunto entre las autoridades regionales y comunales, con el objetivo de identificar las principales necesidades del mundo rural de Rinconada y avanzar en acciones que contribuyan al desarrollo y fortalecimiento de la agricultura y la ganader\u00eda local.<\/p>\n","protected":false},"excerpt":{"rendered":"<p>El seremi de Agricultura de la Regi\u00f3n de Valpara\u00edso, Nicol\u00e1s Prado Garc\u00eda-Huidobro, realiz\u00f3 una visita de trabajo a la comuna de Rinconada, donde se reuni\u00f3 con el alcalde Juan Galdames Carmona para abordar las principales necesidades y desaf\u00edos que enfrenta actualmente el sector agr\u00edcola de la zona. Durante el encuentro, las autoridades analizaron especialmente el [&hellip;]<\/p>\n","protected":false},"author":2,"featured_media":8119,"comment_status":"closed","ping_status":"open","sticky":false,"template":"","format":"standard","meta":[],"categories":[3],"tags":[],"_links":{"self":[{"href":"https:\/\/latinaradio.cl\/index.php\/wp-json\/wp\/v2\/posts\/8118"}],"collection":[{"href":"https:\/\/latinaradio.cl\/index.php\/wp-json\/wp\/v2\/posts"}],"about":[{"href":"https:\/\/latinaradio.cl\/index.php\/wp-json\/wp\/v2\/types\/post"}],"author":[{"embeddable":true,"href":"https:\/\/latinaradio.cl\/index.php\/wp-json\/wp\/v2\/users\/2"}],"replies":[{"embeddable":true,"href":"https:\/\/latinaradio.cl\/index.php\/wp-json\/wp\/v2\/comments?post=8118"}],"version-history":[{"count":1,"href":"https:\/\/latinaradio.cl\/index.php\/wp-json\/wp\/v2\/posts\/8118\/revisions"}],"predecessor-version":[{"id":8120,"href":"https:\/\/latinaradio.cl\/index.php\/wp-json\/wp\/v2\/posts\/8118\/revisions\/8120"}],"wp:featuredmedia":[{"embeddable":true,"href":"https:\/\/latinaradio.cl\/index.php\/wp-json\/wp\/v2\/media\/8119"}],"wp:attachment":[{"href":"https:\/\/latinaradio.cl\/index.php\/wp-json\/wp\/v2\/media?parent=8118"}],"wp:term":[{"taxonomy":"category","embeddable":true,"href":"https:\/\/latinaradio.cl\/index.php\/wp-json\/wp\/v2\/categories?post=8118"},{"taxonomy":"post_tag","embeddable":true,"href":"https:\/\/latinaradio.cl\/index.php\/wp-json\/wp\/v2\/tags?post=8118"}],"curies":[{"name":"wp","href":"https:\/\/api.w.org\/{rel}","templated":true}]}}