{"id":8121,"date":"2026-09-01T23:15:30","date_gmt":"2026-09-02T02:15:30","guid":{"rendered":"https:\/\/latinaradio.cl\/?p=8121"},"modified":"2026-09-01T23:15:30","modified_gmt":"2026-09-02T02:15:30","slug":"economia-chilena-registra-caida-de-15-en-julio-y-marca-su-peor-desempeno-en-tres-anos","status":"publish","type":"post","link":"https:\/\/latinaradio.cl\/index.php\/2026\/09\/01\/economia-chilena-registra-caida-de-15-en-julio-y-marca-su-peor-desempeno-en-tres-anos\/","title":{"rendered":"Econom\u00eda chilena registra ca\u00edda de 1,5% en julio y marca su peor desempe\u00f1o en tres a\u00f1os"},"content":{"rendered":"<p>La econom\u00eda chilena registr\u00f3 una contracci\u00f3n de <strong>1,5% durante julio<\/strong>, de acuerdo con el Indicador Mensual de Actividad Econ\u00f3mica, Imacec, informado este martes por el Banco Central.<\/p>\n<p>El resultado representa el <strong>peor desempe\u00f1o del indicador en tres a\u00f1os<\/strong> y refleja un retroceso de la actividad econ\u00f3mica durante el s\u00e9ptimo mes del a\u00f1o.<\/p>\n<p>De acuerdo con el informe, la ca\u00edda estuvo explicada principalmente por el <strong>menor desempe\u00f1o del sector minero<\/strong>, uno de los principales motores de la econom\u00eda nacional. A esto se sum\u00f3 un menor dinamismo en los sectores de servicios e industria.<\/p>\n<p>Otro de los factores que habr\u00eda incidido en el resultado fueron las <strong>condiciones clim\u00e1ticas adversas<\/strong>, que afectaron el normal funcionamiento de distintas actividades productivas durante el per\u00edodo.<\/p>\n<p>La cifra se conoce en medio de un escenario econ\u00f3mico que contin\u00faa generando preocupaci\u00f3n, luego de que la actividad registrara varios meses con resultados negativos durante este a\u00f1o.<\/p>\n<p>El dato del Imacec ser\u00e1 seguido con especial atenci\u00f3n por los mercados, las autoridades y los distintos sectores productivos, debido a que permitir\u00e1 evaluar c\u00f3mo contin\u00faa evolucionando la econom\u00eda chilena durante los pr\u00f3ximos meses y cu\u00e1les podr\u00edan ser las perspectivas de crecimiento para el cierre del a\u00f1o.<\/p>\n","protected":false},"excerpt":{"rendered":"<p>La econom\u00eda chilena registr\u00f3 una contracci\u00f3n de 1,5% durante julio, de acuerdo con el Indicador Mensual de Actividad Econ\u00f3mica, Imacec, informado este martes por el Banco Central. El resultado representa el peor desempe\u00f1o del indicador en tres a\u00f1os y refleja un retroceso de la actividad econ\u00f3mica durante el s\u00e9ptimo mes del a\u00f1o. De acuerdo con [&hellip;]<\/p>\n","protected":false},"author":2,"featured_media":8122,"comment_status":"closed","ping_status":"open","sticky":false,"template":"","format":"standard","meta":[],"categories":[3],"tags":[],"_links":{"self":[{"href":"https:\/\/latinaradio.cl\/index.php\/wp-json\/wp\/v2\/posts\/8121"}],"collection":[{"href":"https:\/\/latinaradio.cl\/index.php\/wp-json\/wp\/v2\/posts"}],"about":[{"href":"https:\/\/latinaradio.cl\/index.php\/wp-json\/wp\/v2\/types\/post"}],"author":[{"embeddable":true,"href":"https:\/\/latinaradio.cl\/index.php\/wp-json\/wp\/v2\/users\/2"}],"replies":[{"embeddable":true,"href":"https:\/\/latinaradio.cl\/index.php\/wp-json\/wp\/v2\/comments?post=8121"}],"version-history":[{"count":1,"href":"https:\/\/latinaradio.cl\/index.php\/wp-json\/wp\/v2\/posts\/8121\/revisions"}],"predecessor-version":[{"id":8123,"href":"https:\/\/latinaradio.cl\/index.php\/wp-json\/wp\/v2\/posts\/8121\/revisions\/8123"}],"wp:featuredmedia":[{"embeddable":true,"href":"https:\/\/latinaradio.cl\/index.php\/wp-json\/wp\/v2\/media\/8122"}],"wp:attachment":[{"href":"https:\/\/latinaradio.cl\/index.php\/wp-json\/wp\/v2\/media?parent=8121"}],"wp:term":[{"taxonomy":"category","embeddable":true,"href":"https:\/\/latinaradio.cl\/index.php\/wp-json\/wp\/v2\/categories?post=8121"},{"taxonomy":"post_tag","embeddable":true,"href":"https:\/\/latinaradio.cl\/index.php\/wp-json\/wp\/v2\/tags?post=8121"}],"curies":[{"name":"wp","href":"https:\/\/api.w.org\/{rel}","templated":true}]}}