{"id":8124,"date":"2026-09-01T23:21:50","date_gmt":"2026-09-02T02:21:50","guid":{"rendered":"https:\/\/latinaradio.cl\/?p=8124"},"modified":"2026-09-01T23:21:50","modified_gmt":"2026-09-02T02:21:50","slug":"pateando-piedras-de-los-prisioneros-cumple-40-anos-y-sera-homenajeado-con-exposicion-gratuita-en-el-gam","status":"publish","type":"post","link":"https:\/\/latinaradio.cl\/index.php\/2026\/09\/01\/pateando-piedras-de-los-prisioneros-cumple-40-anos-y-sera-homenajeado-con-exposicion-gratuita-en-el-gam\/","title":{"rendered":"\u201cPateando Piedras\u201d de Los Prisioneros cumple 40 a\u00f1os y ser\u00e1 homenajeado con exposici\u00f3n gratuita en el GAM"},"content":{"rendered":"<p>Este <strong>15 de septiembre<\/strong> se cumplen 40 a\u00f1os del lanzamiento de <em>Pateando Piedras<\/em>, uno de los discos m\u00e1s importantes de la m\u00fasica chilena y una obra fundamental en la trayectoria de <strong>Los Prisioneros<\/strong>.<\/p>\n<p>Para conmemorar este aniversario, el <strong>Centro Cultural Gabriela Mistral (GAM)<\/strong> inaugurar\u00e1 una exposici\u00f3n gratuita dedicada al hist\u00f3rico \u00e1lbum, que permitir\u00e1 a los fan\u00e1ticos acercarse a distintos objetos vinculados con la historia de la banda.<\/p>\n<p>La muestra reunir\u00e1 piezas hist\u00f3ricas de Los Prisioneros, entre ellas la <strong>guitarra utilizada durante la grabaci\u00f3n de \u201cEl baile de los que sobran\u201d<\/strong>, la bater\u00eda de <strong>Miguel Tapia<\/strong>, adem\u00e1s de discos de oro y platino, fotograf\u00edas y afiches relacionados con la agrupaci\u00f3n y su legado musical.<\/p>\n<p>La exposici\u00f3n se desarrollar\u00e1 entre el <strong>13 y el 17 de septiembre<\/strong>, convirti\u00e9ndose en una oportunidad para que nuevas generaciones y seguidores de la banda puedan conocer parte del patrimonio detr\u00e1s de uno de los \u00e1lbumes m\u00e1s emblem\u00e1ticos del rock chileno.<\/p>\n<p>Adem\u00e1s de los objetos hist\u00f3ricos, la muestra contar\u00e1 con <strong>elementos interactivos<\/strong>, permitiendo al p\u00fablico participar de distintas experiencias y fotografiarse durante el recorrido.<\/p>\n<p>A cuatro d\u00e9cadas de su lanzamiento, <em>Pateando Piedras<\/em> contin\u00faa siendo un disco fundamental de la m\u00fasica nacional, con canciones que marcaron a toda una generaci\u00f3n y que permanecen vigentes hasta hoy.<\/p>\n","protected":false},"excerpt":{"rendered":"<p>Este 15 de septiembre se cumplen 40 a\u00f1os del lanzamiento de Pateando Piedras, uno de los discos m\u00e1s importantes de la m\u00fasica chilena y una obra fundamental en la trayectoria de Los Prisioneros. Para conmemorar este aniversario, el Centro Cultural Gabriela Mistral (GAM) inaugurar\u00e1 una exposici\u00f3n gratuita dedicada al hist\u00f3rico \u00e1lbum, que permitir\u00e1 a los [&hellip;]<\/p>\n","protected":false},"author":2,"featured_media":8125,"comment_status":"closed","ping_status":"open","sticky":false,"template":"","format":"standard","meta":[],"categories":[8],"tags":[],"_links":{"self":[{"href":"https:\/\/latinaradio.cl\/index.php\/wp-json\/wp\/v2\/posts\/8124"}],"collection":[{"href":"https:\/\/latinaradio.cl\/index.php\/wp-json\/wp\/v2\/posts"}],"about":[{"href":"https:\/\/latinaradio.cl\/index.php\/wp-json\/wp\/v2\/types\/post"}],"author":[{"embeddable":true,"href":"https:\/\/latinaradio.cl\/index.php\/wp-json\/wp\/v2\/users\/2"}],"replies":[{"embeddable":true,"href":"https:\/\/latinaradio.cl\/index.php\/wp-json\/wp\/v2\/comments?post=8124"}],"version-history":[{"count":1,"href":"https:\/\/latinaradio.cl\/index.php\/wp-json\/wp\/v2\/posts\/8124\/revisions"}],"predecessor-version":[{"id":8126,"href":"https:\/\/latinaradio.cl\/index.php\/wp-json\/wp\/v2\/posts\/8124\/revisions\/8126"}],"wp:featuredmedia":[{"embeddable":true,"href":"https:\/\/latinaradio.cl\/index.php\/wp-json\/wp\/v2\/media\/8125"}],"wp:attachment":[{"href":"https:\/\/latinaradio.cl\/index.php\/wp-json\/wp\/v2\/media?parent=8124"}],"wp:term":[{"taxonomy":"category","embeddable":true,"href":"https:\/\/latinaradio.cl\/index.php\/wp-json\/wp\/v2\/categories?post=8124"},{"taxonomy":"post_tag","embeddable":true,"href":"https:\/\/latinaradio.cl\/index.php\/wp-json\/wp\/v2\/tags?post=8124"}],"curies":[{"name":"wp","href":"https:\/\/api.w.org\/{rel}","templated":true}]}}